{"id":4472,"date":"2024-07-03T00:00:00","date_gmt":"2024-07-03T00:00:00","guid":{"rendered":"https:\/\/pruebas.cursopracticoseo.com\/wordpress_o\/comunicado-oficial-cofradia-maria-del-dulce-nombre\/"},"modified":"2026-03-16T11:33:40","modified_gmt":"2026-03-16T11:33:40","slug":"comunicado-oficial-cofradia-maria-del-dulce-nombre","status":"publish","type":"post","link":"https:\/\/pruebas.cursopracticoseo.com\/wordpress_o\/comunicado-oficial-cofradia-maria-del-dulce-nombre\/","title":{"rendered":"COMUNICADO OFICIAL COFRAD\u00cdA MAR\u00cdA DEL DULCE NOMBRE"},"content":{"rendered":"\n<p>En el d\u00eda de ayer, desde el departamento de comunicaci\u00f3n de Expo SACRUM 2024 @sacrumexpo24 se ha emitido la siguiente noticia que as\u00ed se encabezaba: \u00abCONFIRMADA LA PRESENCIA DE NTRA SRA DEL CAMINO, ESPERANZA NUESTRA DE LE\u00d3N EN EXPO SACRUM 2024\u00bb<\/p>\n\n\n\n<p>La Junta de Gobierno, en nombre de las hermanas de la Cofrad\u00eda Mar\u00eda del Dulce Nombre, quiere expresar su disgusto y malestar por la difusi\u00f3n de esta noticia, ya que no se ajusta a la verdad, consider\u00e1ndolo un atropello y una falta de profesionalidad, no s\u00f3lo en la forma sino tambi\u00e9n en el contenido de la noticia.<\/p>\n\n\n\n<p>La Junta de Seises de la Cofrad\u00eda Mar\u00eda del Dulce recibi\u00f3 la petici\u00f3n de Expo SACRUM 2024 a mediados del mes de mayo, petici\u00f3n que se encuentra en este momento en fase de estudio para valorar todas las oportunidades y\/o inconvenientes que conlleva dicha petici\u00f3n. Hasta el momento ni se ha firmado nada ni se ha dado la confirmaci\u00f3n ni verbal ni escrita a la petici\u00f3n indicada.<\/p>\n\n\n\n<p>La Junta de Gobierno lamenta profundamente el incidente acaecido y la pol\u00e9mica suscitada, siendo cuestiones ajenas completamente a ella, puesto que no responde al trabajo colaborativo que desde el primer momento se ha llevado a cabo con la organizaci\u00f3n de Expo SACRUM 2024.<\/p>\n\n\n\n<p>Agradecemos la llamada de disculpas recibida en la ma\u00f1ana de hoy por parte de la organizaci\u00f3n de la Exposici\u00f3n SACRUM 2024 y deseamos que hechos como este no se repitan, sino que se trabaje coordinadamente cuidando los intereses de todos los intervinientes en cuantas acciones se desarrollen para el engrandecimiento de las cofrad\u00edas y hermandades de la Semana Santa.<\/p>\n","protected":false},"excerpt":{"rendered":"<p>En el d\u00eda de ayer, desde el departamento de comunicaci\u00f3n de Expo SACRUM 2024 @sacrumexpo24 se ha emitido la siguiente noticia que as\u00ed se encabezaba: \u00abCONFIRMADA LA PRESENCIA DE NTRA SRA DEL CAMINO, ESPERANZA NUESTRA DE LE\u00d3N EN EXPO SACRUM 2024\u00bb La Junta de Gobierno, en nombre de las hermanas de la Cofrad\u00eda Mar\u00eda del [&hellip;]<\/p>\n","protected":false},"author":1,"featured_media":5288,"comment_status":"open","ping_status":"open","sticky":false,"template":"","format":"standard","meta":{"footnotes":""},"categories":[28],"tags":[],"class_list":["post-4472","post","type-post","status-publish","format-standard","has-post-thumbnail","hentry","category-historico"],"_links":{"self":[{"href":"https:\/\/pruebas.cursopracticoseo.com\/wordpress_o\/wp-json\/wp\/v2\/posts\/4472","targetHints":{"allow":["GET"]}}],"collection":[{"href":"https:\/\/pruebas.cursopracticoseo.com\/wordpress_o\/wp-json\/wp\/v2\/posts"}],"about":[{"href":"https:\/\/pruebas.cursopracticoseo.com\/wordpress_o\/wp-json\/wp\/v2\/types\/post"}],"author":[{"embeddable":true,"href":"https:\/\/pruebas.cursopracticoseo.com\/wordpress_o\/wp-json\/wp\/v2\/users\/1"}],"replies":[{"embeddable":true,"href":"https:\/\/pruebas.cursopracticoseo.com\/wordpress_o\/wp-json\/wp\/v2\/comments?post=4472"}],"version-history":[{"count":1,"href":"https:\/\/pruebas.cursopracticoseo.com\/wordpress_o\/wp-json\/wp\/v2\/posts\/4472\/revisions"}],"predecessor-version":[{"id":7002,"href":"https:\/\/pruebas.cursopracticoseo.com\/wordpress_o\/wp-json\/wp\/v2\/posts\/4472\/revisions\/7002"}],"wp:featuredmedia":[{"embeddable":true,"href":"https:\/\/pruebas.cursopracticoseo.com\/wordpress_o\/wp-json\/wp\/v2\/media\/5288"}],"wp:attachment":[{"href":"https:\/\/pruebas.cursopracticoseo.com\/wordpress_o\/wp-json\/wp\/v2\/media?parent=4472"}],"wp:term":[{"taxonomy":"category","embeddable":true,"href":"https:\/\/pruebas.cursopracticoseo.com\/wordpress_o\/wp-json\/wp\/v2\/categories?post=4472"},{"taxonomy":"post_tag","embeddable":true,"href":"https:\/\/pruebas.cursopracticoseo.com\/wordpress_o\/wp-json\/wp\/v2\/tags?post=4472"}],"curies":[{"name":"wp","href":"https:\/\/api.w.org\/{rel}","templated":true}]}}