{"id":4470,"date":"2024-10-02T00:00:00","date_gmt":"2024-10-02T00:00:00","guid":{"rendered":"https:\/\/pruebas.cursopracticoseo.com\/wordpress_o\/festividad-de-san-francisco-de-asis\/"},"modified":"2026-03-16T11:25:34","modified_gmt":"2026-03-16T11:25:34","slug":"festividad-de-san-francisco-de-asis","status":"publish","type":"post","link":"https:\/\/pruebas.cursopracticoseo.com\/wordpress_o\/festividad-de-san-francisco-de-asis\/","title":{"rendered":"FESTIVIDAD DE SAN FRANCISCO DE AS\u00cdS"},"content":{"rendered":"\n<p>La Cofrad\u00eda Santo Cristo del Perd\u00f3n, colabora otro a\u00f1o m\u00e1s, con los actos que tiene programados su sede can\u00f3nica, la Parroquia de San Francisco de la Vega, con motivo de la Festividad de SAN FRANCISCO DE AS\u00cdS, patrono de su sede, este VIERNES 4 DE OCTUBRE.<\/p>\n\n\n\n<p>A las 11:00 de la ma\u00f1ana, tendr\u00e1 lugar la misa matinal en honor a San Francisco.<\/p>\n\n\n\n<p>Por la tarde, a las 19:00 horas, est\u00e1 programada una Procesi\u00f3n en honor a San Francisco de As\u00eds. En la que colaborar\u00e1n los hermanos y hermanas de la penitencial ferroviaria, la Banda de la Escuela de M\u00fasica de la Cofrad\u00eda Santo Cristo del Perd\u00f3n y los feligreses del Barrio de La Vega. La procesi\u00f3n discurrir\u00e1 por las siguientes calles del barrio:<br>Iglesia Parroquial, G\u00f3mez de Salazar, Doctor Fleming, Do\u00f1a Urraca, Do\u00f1a Constanza, Demetrio Monteser\u00edn, Doctor Fleming, Ram\u00f3n Calabozo, G\u00f3mez de Salazar, Iglesia Parroquial.<\/p>\n\n\n\n<p>A la llegada a la Parroquia de San Francisco de la Vega, en el atrio, se proceder\u00e1 a la BENDICI\u00d3N DE ANIMALES Y PLANTAS que asistan a la procesi\u00f3n.<\/p>\n\n\n\n<p>La jornada, concluir\u00e1 con una Celebraci\u00f3n Eucar\u00edstica en honor al Santo de As\u00eds.<\/p>\n","protected":false},"excerpt":{"rendered":"<p>La Cofrad\u00eda Santo Cristo del Perd\u00f3n, colabora otro a\u00f1o m\u00e1s, con los actos que tiene programados su sede can\u00f3nica, la Parroquia de San Francisco de la Vega, con motivo de la Festividad de SAN FRANCISCO DE AS\u00cdS, patrono de su sede, este VIERNES 4 DE OCTUBRE. A las 11:00 de la ma\u00f1ana, tendr\u00e1 lugar la [&hellip;]<\/p>\n","protected":false},"author":1,"featured_media":5290,"comment_status":"open","ping_status":"open","sticky":false,"template":"","format":"standard","meta":{"footnotes":""},"categories":[28],"tags":[],"class_list":["post-4470","post","type-post","status-publish","format-standard","has-post-thumbnail","hentry","category-historico"],"_links":{"self":[{"href":"https:\/\/pruebas.cursopracticoseo.com\/wordpress_o\/wp-json\/wp\/v2\/posts\/4470","targetHints":{"allow":["GET"]}}],"collection":[{"href":"https:\/\/pruebas.cursopracticoseo.com\/wordpress_o\/wp-json\/wp\/v2\/posts"}],"about":[{"href":"https:\/\/pruebas.cursopracticoseo.com\/wordpress_o\/wp-json\/wp\/v2\/types\/post"}],"author":[{"embeddable":true,"href":"https:\/\/pruebas.cursopracticoseo.com\/wordpress_o\/wp-json\/wp\/v2\/users\/1"}],"replies":[{"embeddable":true,"href":"https:\/\/pruebas.cursopracticoseo.com\/wordpress_o\/wp-json\/wp\/v2\/comments?post=4470"}],"version-history":[{"count":1,"href":"https:\/\/pruebas.cursopracticoseo.com\/wordpress_o\/wp-json\/wp\/v2\/posts\/4470\/revisions"}],"predecessor-version":[{"id":6998,"href":"https:\/\/pruebas.cursopracticoseo.com\/wordpress_o\/wp-json\/wp\/v2\/posts\/4470\/revisions\/6998"}],"wp:featuredmedia":[{"embeddable":true,"href":"https:\/\/pruebas.cursopracticoseo.com\/wordpress_o\/wp-json\/wp\/v2\/media\/5290"}],"wp:attachment":[{"href":"https:\/\/pruebas.cursopracticoseo.com\/wordpress_o\/wp-json\/wp\/v2\/media?parent=4470"}],"wp:term":[{"taxonomy":"category","embeddable":true,"href":"https:\/\/pruebas.cursopracticoseo.com\/wordpress_o\/wp-json\/wp\/v2\/categories?post=4470"},{"taxonomy":"post_tag","embeddable":true,"href":"https:\/\/pruebas.cursopracticoseo.com\/wordpress_o\/wp-json\/wp\/v2\/tags?post=4470"}],"curies":[{"name":"wp","href":"https:\/\/api.w.org\/{rel}","templated":true}]}}