{"id":4468,"date":"2024-10-28T00:00:00","date_gmt":"2024-10-28T00:00:00","guid":{"rendered":"https:\/\/pruebas.cursopracticoseo.com\/wordpress_o\/abierto-plazo-de-inscripcion\/"},"modified":"2026-03-16T11:24:49","modified_gmt":"2026-03-16T11:24:49","slug":"abierto-plazo-de-inscripcion","status":"publish","type":"post","link":"https:\/\/pruebas.cursopracticoseo.com\/wordpress_o\/abierto-plazo-de-inscripcion\/","title":{"rendered":"\u00a1ABIERTO PLAZO DE INSCRIPCI\u00d3N!"},"content":{"rendered":"\n<p>El pasado mes de septiembre, la Banda de la Escuela de M\u00fasica de la Cofrad\u00eda Santo Cristo del Perd\u00f3n, iniciaba un nuevo curso cofrade, bajo la direcci\u00f3n de D. Dionisio Garc\u00eda Ferrero. Los componentes de la citada Banda reciben clases de solfeo, lenguaje musical, instrumentaci\u00f3n,\u2026<\/p>\n\n\n\n<p>Si est\u00e1s interesado en formar parte de la Banda, a\u00fan est\u00e1s a tiempo. Puedes pasar a conocerlos en su local de ensayo, los martes y jueves a las 20:00 h en el Sal\u00f3n de Actos del Complejo Parroquial de San Francisco de la Vega (Av. Doctor Fleming, 49) o informarte en la Casa de Hermandad (Av. Doctor Fleming, 34), los jueves de 18:30 h a 20:00 h o a trav\u00e9s del tlfno. 690 733 239.<\/p>\n\n\n\n<p>En lo que llevan de curso, han acompa\u00f1ado a la imagen de San Francisco de As\u00eds en la procesi\u00f3n que organiz\u00f3 la Parroquia de San Francisco de la Vega con motivo de la festividad de su patr\u00f3n el pasado 4 de octubre y tambi\u00e9n pusieron su granito en el \u201cMercadillo Solidario\u201d que se celebr\u00f3 el pasado fin de semana en la Parroquia de San Francisco de la Vega y que organiz\u00f3 Caritas Parroquial junto con los distintos grupos pertenecientes a dicha parroquia.<\/p>\n","protected":false},"excerpt":{"rendered":"<p>El pasado mes de septiembre, la Banda de la Escuela de M\u00fasica de la Cofrad\u00eda Santo Cristo del Perd\u00f3n, iniciaba un nuevo curso cofrade, bajo la direcci\u00f3n de D. Dionisio Garc\u00eda Ferrero. Los componentes de la citada Banda reciben clases de solfeo, lenguaje musical, instrumentaci\u00f3n,\u2026 Si est\u00e1s interesado en formar parte de la Banda, a\u00fan [&hellip;]<\/p>\n","protected":false},"author":1,"featured_media":5292,"comment_status":"open","ping_status":"open","sticky":false,"template":"","format":"standard","meta":{"footnotes":""},"categories":[28],"tags":[],"class_list":["post-4468","post","type-post","status-publish","format-standard","has-post-thumbnail","hentry","category-historico"],"_links":{"self":[{"href":"https:\/\/pruebas.cursopracticoseo.com\/wordpress_o\/wp-json\/wp\/v2\/posts\/4468","targetHints":{"allow":["GET"]}}],"collection":[{"href":"https:\/\/pruebas.cursopracticoseo.com\/wordpress_o\/wp-json\/wp\/v2\/posts"}],"about":[{"href":"https:\/\/pruebas.cursopracticoseo.com\/wordpress_o\/wp-json\/wp\/v2\/types\/post"}],"author":[{"embeddable":true,"href":"https:\/\/pruebas.cursopracticoseo.com\/wordpress_o\/wp-json\/wp\/v2\/users\/1"}],"replies":[{"embeddable":true,"href":"https:\/\/pruebas.cursopracticoseo.com\/wordpress_o\/wp-json\/wp\/v2\/comments?post=4468"}],"version-history":[{"count":1,"href":"https:\/\/pruebas.cursopracticoseo.com\/wordpress_o\/wp-json\/wp\/v2\/posts\/4468\/revisions"}],"predecessor-version":[{"id":6997,"href":"https:\/\/pruebas.cursopracticoseo.com\/wordpress_o\/wp-json\/wp\/v2\/posts\/4468\/revisions\/6997"}],"wp:featuredmedia":[{"embeddable":true,"href":"https:\/\/pruebas.cursopracticoseo.com\/wordpress_o\/wp-json\/wp\/v2\/media\/5292"}],"wp:attachment":[{"href":"https:\/\/pruebas.cursopracticoseo.com\/wordpress_o\/wp-json\/wp\/v2\/media?parent=4468"}],"wp:term":[{"taxonomy":"category","embeddable":true,"href":"https:\/\/pruebas.cursopracticoseo.com\/wordpress_o\/wp-json\/wp\/v2\/categories?post=4468"},{"taxonomy":"post_tag","embeddable":true,"href":"https:\/\/pruebas.cursopracticoseo.com\/wordpress_o\/wp-json\/wp\/v2\/tags?post=4468"}],"curies":[{"name":"wp","href":"https:\/\/api.w.org\/{rel}","templated":true}]}}