{"id":4463,"date":"2024-12-02T00:00:00","date_gmt":"2024-12-02T00:00:00","guid":{"rendered":"https:\/\/pruebas.cursopracticoseo.com\/wordpress_o\/actos-conmemorativos-al-60-aniversario-fundacional-de-la-cofradia-sto-cristo-del-perdon\/"},"modified":"2026-03-16T11:18:48","modified_gmt":"2026-03-16T11:18:48","slug":"actos-conmemorativos-al-60-aniversario-fundacional-de-la-cofradia-sto-cristo-del-perdon","status":"publish","type":"post","link":"https:\/\/pruebas.cursopracticoseo.com\/wordpress_o\/actos-conmemorativos-al-60-aniversario-fundacional-de-la-cofradia-sto-cristo-del-perdon\/","title":{"rendered":"Actos Conmemorativos al 60 Aniversario Fundacional de la COFRAD\u00cdA STO. CRISTO DEL PERD\u00d3N"},"content":{"rendered":"\n<p>El pasado jueves, 28 de noviembre, el Abad de la Cofrad\u00eda Santo Cristo del Perd\u00f3n, el Hno. D. Jos\u00e9 Mar\u00eda Urdiales Puente, dio una rueda de prensa en el Ayuntamiento de Le\u00f3n, con la finalidad de presentar los Actos conmemorativos al 60 Aniversario Fundacional de la Penitencial Ferroviaria. En dicho acto, estuvieron presentes, el Alcalde de nuestra ciudad, D. Jos\u00e9 Antonio Diez D\u00edaz y la Concejala de Turismo, Educaci\u00f3n e Igualdad, D\u00f1a. Mercedes Escudero P\u00e9rez.<\/p>\n\n\n\n<p>Adem\u00e1s, se present\u00f3 tanto el logo conmemorativo para este 60 Aniversario, obra del joven pap\u00f3n leon\u00e9s, Manuel L\u00f3pez Flecha, como el cartel realizado para celebrar esta onom\u00e1stica por el hermano D. \u00c1ngel Miguel Tijera Garc\u00eda, con el lema \u201c60 a\u00f1os de perd\u00f3n\u201d.<\/p>\n\n\n\n<p>Los Actos comenzar\u00e1n el pr\u00f3ximo martes, 3 de diciembre, con una eucarist\u00eda conmemorativa al 60 Aniversario Fundacional, a las 19:00 horas en la Iglesia Parroquial de San Francisco de la Vega, sita en la Calle G\u00f3mez de Salazar y que culminar\u00e1n sus actividades tanto culturales como sociales el Martes Santo de 2025.<\/p>\n","protected":false},"excerpt":{"rendered":"<p>El pasado jueves, 28 de noviembre, el Abad de la Cofrad\u00eda Santo Cristo del Perd\u00f3n, el Hno. D. Jos\u00e9 Mar\u00eda Urdiales Puente, dio una rueda de prensa en el Ayuntamiento de Le\u00f3n, con la finalidad de presentar los Actos conmemorativos al 60 Aniversario Fundacional de la Penitencial Ferroviaria. En dicho acto, estuvieron presentes, el Alcalde [&hellip;]<\/p>\n","protected":false},"author":1,"featured_media":5297,"comment_status":"open","ping_status":"open","sticky":false,"template":"","format":"standard","meta":{"footnotes":""},"categories":[28],"tags":[],"class_list":["post-4463","post","type-post","status-publish","format-standard","has-post-thumbnail","hentry","category-historico"],"_links":{"self":[{"href":"https:\/\/pruebas.cursopracticoseo.com\/wordpress_o\/wp-json\/wp\/v2\/posts\/4463","targetHints":{"allow":["GET"]}}],"collection":[{"href":"https:\/\/pruebas.cursopracticoseo.com\/wordpress_o\/wp-json\/wp\/v2\/posts"}],"about":[{"href":"https:\/\/pruebas.cursopracticoseo.com\/wordpress_o\/wp-json\/wp\/v2\/types\/post"}],"author":[{"embeddable":true,"href":"https:\/\/pruebas.cursopracticoseo.com\/wordpress_o\/wp-json\/wp\/v2\/users\/1"}],"replies":[{"embeddable":true,"href":"https:\/\/pruebas.cursopracticoseo.com\/wordpress_o\/wp-json\/wp\/v2\/comments?post=4463"}],"version-history":[{"count":1,"href":"https:\/\/pruebas.cursopracticoseo.com\/wordpress_o\/wp-json\/wp\/v2\/posts\/4463\/revisions"}],"predecessor-version":[{"id":6991,"href":"https:\/\/pruebas.cursopracticoseo.com\/wordpress_o\/wp-json\/wp\/v2\/posts\/4463\/revisions\/6991"}],"wp:featuredmedia":[{"embeddable":true,"href":"https:\/\/pruebas.cursopracticoseo.com\/wordpress_o\/wp-json\/wp\/v2\/media\/5297"}],"wp:attachment":[{"href":"https:\/\/pruebas.cursopracticoseo.com\/wordpress_o\/wp-json\/wp\/v2\/media?parent=4463"}],"wp:term":[{"taxonomy":"category","embeddable":true,"href":"https:\/\/pruebas.cursopracticoseo.com\/wordpress_o\/wp-json\/wp\/v2\/categories?post=4463"},{"taxonomy":"post_tag","embeddable":true,"href":"https:\/\/pruebas.cursopracticoseo.com\/wordpress_o\/wp-json\/wp\/v2\/tags?post=4463"}],"curies":[{"name":"wp","href":"https:\/\/api.w.org\/{rel}","templated":true}]}}