{"id":4454,"date":"2025-01-24T00:00:00","date_gmt":"2025-01-24T00:00:00","guid":{"rendered":"https:\/\/pruebas.cursopracticoseo.com\/wordpress_o\/conmemoracion-hermanamiento\/"},"modified":"2026-03-16T10:59:49","modified_gmt":"2026-03-16T10:59:49","slug":"conmemoracion-hermanamiento","status":"publish","type":"post","link":"https:\/\/pruebas.cursopracticoseo.com\/wordpress_o\/conmemoracion-hermanamiento\/","title":{"rendered":"CONMEMORACI\u00d3N HERMANAMIENTO"},"content":{"rendered":"<p>El pr\u00f3ximo s\u00e1bado 25 de enero, se celebrar\u00e1 la conmemoraci\u00f3n del hermanamiento entre la Real Hermandad de Jes\u00fas Divino Obrero y la Cofrad\u00eda de las Siete Palabras de Jes\u00fas en la Cruz, un acto que reafirma los lazos de fraternidad entre ambas penitenciales.<\/p>\n<p>La conmemoraci\u00f3n se celebrar\u00e1 con una Eucarist\u00eda, que tendr\u00e1 lugar a las 19:00 horas en la Iglesia Parroquial de Jes\u00fas Divino Obrero, manteniendo as\u00ed la tradici\u00f3n que se instaur\u00f3 desde la formalizaci\u00f3n del hermanamiento el 14 de septiembre de 2009, y que se ha venido celebrando cada \u00faltimo s\u00e1bado de enero desde entonces.<\/p>\n<p>El hermanamiento entre ambas cofrad\u00edas es el reflejo de una estrecha relaci\u00f3n que se remonta al a\u00f1o 1968, cuando comenz\u00f3 a forjarse una especial vinculaci\u00f3n basada en la amistad entre D. Restituto Ruano y D. Eduardo De Paz, abades de la Real Hermandad de Jes\u00fas Divino Obrero y de la Cofrad\u00eda de las Siete Palabras de Jes\u00fas en la Cruz, respectivamente.<\/p>\n<p>Desde las Juntas Directivas de ambas penitenciales se invita a todos los hermanos y devotos a participar en esta celebraci\u00f3n, s\u00edmbolo de uni\u00f3n y hermandad.<\/p>\n","protected":false},"excerpt":{"rendered":"<p>El pr\u00f3ximo s\u00e1bado 25 de enero, se celebrar\u00e1 la conmemoraci\u00f3n del hermanamiento entre la Real Hermandad de Jes\u00fas Divino Obrero y la Cofrad\u00eda de las Siete Palabras de Jes\u00fas en la Cruz, un acto que reafirma los lazos de fraternidad entre ambas penitenciales. La conmemoraci\u00f3n se celebrar\u00e1 con una Eucarist\u00eda, que tendr\u00e1 lugar a las [&hellip;]<\/p>\n","protected":false},"author":1,"featured_media":5306,"comment_status":"open","ping_status":"open","sticky":false,"template":"","format":"standard","meta":{"footnotes":""},"categories":[28],"tags":[],"class_list":["post-4454","post","type-post","status-publish","format-standard","has-post-thumbnail","hentry","category-historico"],"_links":{"self":[{"href":"https:\/\/pruebas.cursopracticoseo.com\/wordpress_o\/wp-json\/wp\/v2\/posts\/4454","targetHints":{"allow":["GET"]}}],"collection":[{"href":"https:\/\/pruebas.cursopracticoseo.com\/wordpress_o\/wp-json\/wp\/v2\/posts"}],"about":[{"href":"https:\/\/pruebas.cursopracticoseo.com\/wordpress_o\/wp-json\/wp\/v2\/types\/post"}],"author":[{"embeddable":true,"href":"https:\/\/pruebas.cursopracticoseo.com\/wordpress_o\/wp-json\/wp\/v2\/users\/1"}],"replies":[{"embeddable":true,"href":"https:\/\/pruebas.cursopracticoseo.com\/wordpress_o\/wp-json\/wp\/v2\/comments?post=4454"}],"version-history":[{"count":1,"href":"https:\/\/pruebas.cursopracticoseo.com\/wordpress_o\/wp-json\/wp\/v2\/posts\/4454\/revisions"}],"predecessor-version":[{"id":6974,"href":"https:\/\/pruebas.cursopracticoseo.com\/wordpress_o\/wp-json\/wp\/v2\/posts\/4454\/revisions\/6974"}],"wp:featuredmedia":[{"embeddable":true,"href":"https:\/\/pruebas.cursopracticoseo.com\/wordpress_o\/wp-json\/wp\/v2\/media\/5306"}],"wp:attachment":[{"href":"https:\/\/pruebas.cursopracticoseo.com\/wordpress_o\/wp-json\/wp\/v2\/media?parent=4454"}],"wp:term":[{"taxonomy":"category","embeddable":true,"href":"https:\/\/pruebas.cursopracticoseo.com\/wordpress_o\/wp-json\/wp\/v2\/categories?post=4454"},{"taxonomy":"post_tag","embeddable":true,"href":"https:\/\/pruebas.cursopracticoseo.com\/wordpress_o\/wp-json\/wp\/v2\/tags?post=4454"}],"curies":[{"name":"wp","href":"https:\/\/api.w.org\/{rel}","templated":true}]}}