{"id":4453,"date":"2025-01-28T00:00:00","date_gmt":"2025-01-28T00:00:00","guid":{"rendered":"https:\/\/pruebas.cursopracticoseo.com\/wordpress_o\/celebracion-de-la-conmemoracion-de-hermanamiento\/"},"modified":"2026-03-16T10:59:12","modified_gmt":"2026-03-16T10:59:12","slug":"celebracion-de-la-conmemoracion-de-hermanamiento","status":"publish","type":"post","link":"https:\/\/pruebas.cursopracticoseo.com\/wordpress_o\/celebracion-de-la-conmemoracion-de-hermanamiento\/","title":{"rendered":"CELEBRACI\u00d3N DE LA CONMEMORACI\u00d3N DE HERMANAMIENTO"},"content":{"rendered":"<p>El pasado s\u00e1bado, 25 de enero, se celebr\u00f3 la conmemoraci\u00f3n del hermanamiento entre la Real Hermandad de Jes\u00fas Divino Obrero y la Cofrad\u00eda de las Siete Palabras de Jes\u00fas en la Cruz.<\/p>\n<p>El evento tuvo lugar en la Iglesia Parroquial de Jes\u00fas Divino Obrero a las 19:00 horas, contando con la presencia de las Juntas Directivas y numerosos hermanos de ambas cofrad\u00edas, y ha servido para reforzar el hermanamiento formalizado en 2009 y que reafirma los lazos de fraternidad entre ambas penitenciales.<\/p>\n<p>Durante la Eucarist\u00eda, el Abad-Presidente de la Real Hermandad de Jes\u00fas Divino Obrero, D. \u00c1lvaro Barrioluengo, record\u00f3 los lazos hist\u00f3ricos entre los fundadores de ambas penitenciales, D. Restituto Ruano y D. Eduardo De Paz, cuya amistad y devoci\u00f3n sentaron las bases de esta relaci\u00f3n fraternal que perdura hasta nuestros d\u00edas.<\/p>\n<p>El hermanamiento entre ambas cofrad\u00edas es el reflejo de esta estrecha relaci\u00f3n que se remonta al a\u00f1o 1968. Desde las Juntas Directivas de ambas penitenciales se agradece a todos los hermanos y devotos su participaci\u00f3n, que ha contribuido a fortalecer el esp\u00edritu de uni\u00f3n y hermandad.<\/p>\n","protected":false},"excerpt":{"rendered":"<p>El pasado s\u00e1bado, 25 de enero, se celebr\u00f3 la conmemoraci\u00f3n del hermanamiento entre la Real Hermandad de Jes\u00fas Divino Obrero y la Cofrad\u00eda de las Siete Palabras de Jes\u00fas en la Cruz. El evento tuvo lugar en la Iglesia Parroquial de Jes\u00fas Divino Obrero a las 19:00 horas, contando con la presencia de las Juntas [&hellip;]<\/p>\n","protected":false},"author":1,"featured_media":5307,"comment_status":"open","ping_status":"open","sticky":false,"template":"","format":"standard","meta":{"footnotes":""},"categories":[28],"tags":[],"class_list":["post-4453","post","type-post","status-publish","format-standard","has-post-thumbnail","hentry","category-historico"],"_links":{"self":[{"href":"https:\/\/pruebas.cursopracticoseo.com\/wordpress_o\/wp-json\/wp\/v2\/posts\/4453","targetHints":{"allow":["GET"]}}],"collection":[{"href":"https:\/\/pruebas.cursopracticoseo.com\/wordpress_o\/wp-json\/wp\/v2\/posts"}],"about":[{"href":"https:\/\/pruebas.cursopracticoseo.com\/wordpress_o\/wp-json\/wp\/v2\/types\/post"}],"author":[{"embeddable":true,"href":"https:\/\/pruebas.cursopracticoseo.com\/wordpress_o\/wp-json\/wp\/v2\/users\/1"}],"replies":[{"embeddable":true,"href":"https:\/\/pruebas.cursopracticoseo.com\/wordpress_o\/wp-json\/wp\/v2\/comments?post=4453"}],"version-history":[{"count":1,"href":"https:\/\/pruebas.cursopracticoseo.com\/wordpress_o\/wp-json\/wp\/v2\/posts\/4453\/revisions"}],"predecessor-version":[{"id":6973,"href":"https:\/\/pruebas.cursopracticoseo.com\/wordpress_o\/wp-json\/wp\/v2\/posts\/4453\/revisions\/6973"}],"wp:featuredmedia":[{"embeddable":true,"href":"https:\/\/pruebas.cursopracticoseo.com\/wordpress_o\/wp-json\/wp\/v2\/media\/5307"}],"wp:attachment":[{"href":"https:\/\/pruebas.cursopracticoseo.com\/wordpress_o\/wp-json\/wp\/v2\/media?parent=4453"}],"wp:term":[{"taxonomy":"category","embeddable":true,"href":"https:\/\/pruebas.cursopracticoseo.com\/wordpress_o\/wp-json\/wp\/v2\/categories?post=4453"},{"taxonomy":"post_tag","embeddable":true,"href":"https:\/\/pruebas.cursopracticoseo.com\/wordpress_o\/wp-json\/wp\/v2\/tags?post=4453"}],"curies":[{"name":"wp","href":"https:\/\/api.w.org\/{rel}","templated":true}]}}