{"id":4452,"date":"2025-02-26T00:00:00","date_gmt":"2025-02-26T00:00:00","guid":{"rendered":"https:\/\/pruebas.cursopracticoseo.com\/wordpress_o\/nombramiento-de-consiliario-cofradia-santo-sepulcro-esperanza-de-la-vida\/"},"modified":"2025-02-26T00:00:00","modified_gmt":"2025-02-26T00:00:00","slug":"nombramiento-de-consiliario-cofradia-santo-sepulcro-esperanza-de-la-vida","status":"publish","type":"post","link":"https:\/\/pruebas.cursopracticoseo.com\/wordpress_o\/nombramiento-de-consiliario-cofradia-santo-sepulcro-esperanza-de-la-vida\/","title":{"rendered":"NOMBRAMIENTO DE CONSILIARIO &#8211; COFRAD\u00cdA SANTO SEPULCRO, ESPERANZA DE LA VIDA"},"content":{"rendered":"<p>El pasado d\u00eda 14 de febrero de 2025, el Excmo. y Rvdmo. Sr. Obispo de Le\u00f3n, D. Luis \u00c1ngel de las Heras Berzal, CMF, ha nombrado Consiliario de la Cofrad\u00eda Santo Sepulcro-Esperanza de la Vida al Rvdo. Sr. D. Javier D\u00edez Gonz\u00e1lez, P\u00e1rroco de San Froil\u00e1n, sede can\u00f3nica de la Cofrad\u00eda, en sustituci\u00f3n del M.I. Rvdo. Sr. D. Primo Lucio Panera Bur\u00f3n, q.e.p.d., fallecido el pasado 01 de junio de 2024.<\/p>\n<p>D. Javier naci\u00f3 en Cebanico (Le\u00f3n) el 22 de diciembre de 1959, realiz\u00f3 sus estudios en los Seminarios Menor y Mayor de la Di\u00f3cesis de Le\u00f3n, ordenado sacerdote el 06 de julio de 1985. Ha desarrollado su labor pastoral en diversas parroquias de las zonas de Babia, Bo\u00f1ar y la Pola de Gord\u00f3n. Fue nombrado p\u00e1rroco de San Froil\u00e1n el 01 de julio de 2009. Ejerci\u00f3 como Arcipreste del Arciprestazgo de Nuestra Se\u00f1ora del Mercado y Comisario de la Cofrad\u00eda de Mar\u00eda del Dulce Nombre. Adem\u00e1s, es Consiliario del Movimiento \u201cVida Ascendente\u201d desde el 30 de agosto de 2012 y Consiliario de C\u00e1ritas Diocesana desde 2022.<\/p>\n<p>Con la Cofrad\u00eda Santo Sepulcro-Esperanza de la Vida ha venido participando en numerosas actividades, entre ellas las misas de difuntos y por los hermanos fallecidos, fiestas de la Cofrad\u00eda y otros actos religiosos; bajo su amparo la Cofrad\u00eda ha celebrado numerosas actividades en la Parroquia de San Froil\u00e1n y sus salones parroquiales. Acudi\u00f3, como asistente eclesi\u00e1stico, a la peregrinaci\u00f3n de la Cofrad\u00eda a Tierra Santa en septiembre de 2017, organizada con motivo del veinticinco aniversario de su erecci\u00f3n can\u00f3nica. Durante esa peregrinaci\u00f3n se recibi\u00f3 la reliquia aut\u00e9ntica del Santo Sepulcro de Jerusal\u00e9n que se venera en el Convento de las Madres Concepcionistas de Le\u00f3n. Tambi\u00e9n ha presidido, en varias ocasiones, el V\u00eda Crucis de la Cruz Quemada y la Solemne Adoraci\u00f3n Procesional de las Llagas de Cristo.<\/p>\n<p>Con el recuerdo emocionado de D. Primo, la Cofrad\u00eda comunica tan feliz acontecimiento y desea al nuevo Consiliario una fruct\u00edfera labor pastoral en esta Asociaci\u00f3n de Fieles. \u00a1Que sea enhorabuena!<\/p>\n","protected":false},"excerpt":{"rendered":"<p>El pasado d\u00eda 14 de febrero de 2025, el Excmo. y Rvdmo. Sr. Obispo de Le\u00f3n, D. Luis \u00c1ngel de las Heras Berzal, CMF, ha nombrado Consiliario de la Cofrad\u00eda Santo Sepulcro-Esperanza de la Vida al Rvdo. Sr. D. Javier D\u00edez Gonz\u00e1lez, P\u00e1rroco de San Froil\u00e1n, sede can\u00f3nica de la Cofrad\u00eda, en sustituci\u00f3n del M.I. [&hellip;]<\/p>\n","protected":false},"author":1,"featured_media":0,"comment_status":"open","ping_status":"open","sticky":false,"template":"","format":"standard","meta":{"footnotes":""},"categories":[28],"tags":[],"class_list":["post-4452","post","type-post","status-publish","format-standard","hentry","category-historico"],"_links":{"self":[{"href":"https:\/\/pruebas.cursopracticoseo.com\/wordpress_o\/wp-json\/wp\/v2\/posts\/4452","targetHints":{"allow":["GET"]}}],"collection":[{"href":"https:\/\/pruebas.cursopracticoseo.com\/wordpress_o\/wp-json\/wp\/v2\/posts"}],"about":[{"href":"https:\/\/pruebas.cursopracticoseo.com\/wordpress_o\/wp-json\/wp\/v2\/types\/post"}],"author":[{"embeddable":true,"href":"https:\/\/pruebas.cursopracticoseo.com\/wordpress_o\/wp-json\/wp\/v2\/users\/1"}],"replies":[{"embeddable":true,"href":"https:\/\/pruebas.cursopracticoseo.com\/wordpress_o\/wp-json\/wp\/v2\/comments?post=4452"}],"version-history":[{"count":1,"href":"https:\/\/pruebas.cursopracticoseo.com\/wordpress_o\/wp-json\/wp\/v2\/posts\/4452\/revisions"}],"predecessor-version":[{"id":6972,"href":"https:\/\/pruebas.cursopracticoseo.com\/wordpress_o\/wp-json\/wp\/v2\/posts\/4452\/revisions\/6972"}],"wp:attachment":[{"href":"https:\/\/pruebas.cursopracticoseo.com\/wordpress_o\/wp-json\/wp\/v2\/media?parent=4452"}],"wp:term":[{"taxonomy":"category","embeddable":true,"href":"https:\/\/pruebas.cursopracticoseo.com\/wordpress_o\/wp-json\/wp\/v2\/categories?post=4452"},{"taxonomy":"post_tag","embeddable":true,"href":"https:\/\/pruebas.cursopracticoseo.com\/wordpress_o\/wp-json\/wp\/v2\/tags?post=4452"}],"curies":[{"name":"wp","href":"https:\/\/api.w.org\/{rel}","templated":true}]}}