{"id":4450,"date":"2025-03-10T00:00:00","date_gmt":"2025-03-10T00:00:00","guid":{"rendered":"https:\/\/pruebas.cursopracticoseo.com\/wordpress_o\/el-vi-concierto-benefico-sones-de-cuaresma-recauda-1-600e-para-aler\/"},"modified":"2026-03-16T10:56:42","modified_gmt":"2026-03-16T10:56:42","slug":"el-vi-concierto-benefico-sones-de-cuaresma-recauda-1-600e-para-aler","status":"publish","type":"post","link":"https:\/\/pruebas.cursopracticoseo.com\/wordpress_o\/el-vi-concierto-benefico-sones-de-cuaresma-recauda-1-600e-para-aler\/","title":{"rendered":"EL VI CONCIERTO BEN\u00c9FICO \u00abSONES DE CUARESMA\u00bb RECAUDA 1.600\u20ac PARA ALER"},"content":{"rendered":"<p>El pasado domingo 9 de marzo, la Real Hermandad de Jes\u00fas Divino Obrero celebr\u00f3 con gran \u00e9xito la sexta edici\u00f3n del Concierto Ben\u00e9fico \u00abSones de Cuaresma\u00bb. La Iglesia Parroquial de Jes\u00fas Divino Obrero se llen\u00f3 de p\u00fablico en una jornada donde la m\u00fasica y la solidaridad fueron protagonistas.<\/p>\n<p>Gracias a la generosidad de los asistentes y a las aportaciones recibidas a trav\u00e9s de la Fila 0, se logr\u00f3 recaudar un total de 1.600 euros, que ser\u00e1n destinados \u00edntegramente a la Asociaci\u00f3n Leonesa de Enfermedades Raras (ALER).<\/p>\n<p>El evento, presentado por Daniel Alfageme, cont\u00f3 con las brillantes interpretaciones de la Banda de Cornetas y Tambores de la Cofrad\u00eda Nuestro Padre Jes\u00fas Nazareno de La Ba\u00f1eza, la Banda de Cornetas y Tambores Sant\u00edsimo Cristo de la Victoria y la Agrupaci\u00f3n Musical de la Real Hermandad de Jes\u00fas Divino Obrero.<\/p>\n<p>Como cierre del acto, el Abad-Presidente de la Hermandad hizo entrega, en nombre de la penitencial, de unos diplomas de agradecimiento tanto a las bandas participantes como al presentador, en reconocimiento a su contribuci\u00f3n y compromiso con este evento solidario.<\/p>\n<p>Desde la Real Hermandad de Jes\u00fas Divino Obrero, se quiere expresar un profundo agradecimiento a todos los m\u00fasicos, asistentes y colaboradores.<\/p>\n","protected":false},"excerpt":{"rendered":"<p>El pasado domingo 9 de marzo, la Real Hermandad de Jes\u00fas Divino Obrero celebr\u00f3 con gran \u00e9xito la sexta edici\u00f3n del Concierto Ben\u00e9fico \u00abSones de Cuaresma\u00bb. La Iglesia Parroquial de Jes\u00fas Divino Obrero se llen\u00f3 de p\u00fablico en una jornada donde la m\u00fasica y la solidaridad fueron protagonistas. Gracias a la generosidad de los asistentes [&hellip;]<\/p>\n","protected":false},"author":1,"featured_media":5309,"comment_status":"open","ping_status":"open","sticky":false,"template":"","format":"standard","meta":{"footnotes":""},"categories":[28],"tags":[],"class_list":["post-4450","post","type-post","status-publish","format-standard","has-post-thumbnail","hentry","category-historico"],"_links":{"self":[{"href":"https:\/\/pruebas.cursopracticoseo.com\/wordpress_o\/wp-json\/wp\/v2\/posts\/4450","targetHints":{"allow":["GET"]}}],"collection":[{"href":"https:\/\/pruebas.cursopracticoseo.com\/wordpress_o\/wp-json\/wp\/v2\/posts"}],"about":[{"href":"https:\/\/pruebas.cursopracticoseo.com\/wordpress_o\/wp-json\/wp\/v2\/types\/post"}],"author":[{"embeddable":true,"href":"https:\/\/pruebas.cursopracticoseo.com\/wordpress_o\/wp-json\/wp\/v2\/users\/1"}],"replies":[{"embeddable":true,"href":"https:\/\/pruebas.cursopracticoseo.com\/wordpress_o\/wp-json\/wp\/v2\/comments?post=4450"}],"version-history":[{"count":1,"href":"https:\/\/pruebas.cursopracticoseo.com\/wordpress_o\/wp-json\/wp\/v2\/posts\/4450\/revisions"}],"predecessor-version":[{"id":6971,"href":"https:\/\/pruebas.cursopracticoseo.com\/wordpress_o\/wp-json\/wp\/v2\/posts\/4450\/revisions\/6971"}],"wp:featuredmedia":[{"embeddable":true,"href":"https:\/\/pruebas.cursopracticoseo.com\/wordpress_o\/wp-json\/wp\/v2\/media\/5309"}],"wp:attachment":[{"href":"https:\/\/pruebas.cursopracticoseo.com\/wordpress_o\/wp-json\/wp\/v2\/media?parent=4450"}],"wp:term":[{"taxonomy":"category","embeddable":true,"href":"https:\/\/pruebas.cursopracticoseo.com\/wordpress_o\/wp-json\/wp\/v2\/categories?post=4450"},{"taxonomy":"post_tag","embeddable":true,"href":"https:\/\/pruebas.cursopracticoseo.com\/wordpress_o\/wp-json\/wp\/v2\/tags?post=4450"}],"curies":[{"name":"wp","href":"https:\/\/api.w.org\/{rel}","templated":true}]}}