{"id":4448,"date":"2025-03-10T00:00:00","date_gmt":"2025-03-10T00:00:00","guid":{"rendered":"https:\/\/pruebas.cursopracticoseo.com\/wordpress_o\/la-real-hermandad-de-jesus-divino-obrero-presenta-su-cartel-para-la-semana-santa-2025\/"},"modified":"2026-03-16T10:56:04","modified_gmt":"2026-03-16T10:56:04","slug":"la-real-hermandad-de-jesus-divino-obrero-presenta-su-cartel-para-la-semana-santa-2025","status":"publish","type":"post","link":"https:\/\/pruebas.cursopracticoseo.com\/wordpress_o\/la-real-hermandad-de-jesus-divino-obrero-presenta-su-cartel-para-la-semana-santa-2025\/","title":{"rendered":"LA REAL HERMANDAD DE JES\u00daS DIVINO OBRERO PRESENTA SU CARTEL PARA LA SEMANA SANTA 2025"},"content":{"rendered":"<p>En la tarde del Mi\u00e9rcoles de Ceniza, la Real Hermandad de Jes\u00fas Divino Obrero ha presentado el Cartel Anunciador de la Semana Santa 2025. El acto ha tenido lugar en la Iglesia Parroquial de Jes\u00fas Divino Obrero, tras la celebraci\u00f3n de la Eucarist\u00eda y la imposici\u00f3n de la ceniza, rito con el que comienza el tiempo de Cuaresma.<\/p>\n<p>Este a\u00f1o, el cartel es una ilustraci\u00f3n realizada por el artista zamorano \u00d3scar M\u00e9ndez. Representa un momento esencial de la Semana Santa, la Resurrecci\u00f3n, a trav\u00e9s del tradicional Encuentro entre la Virgen de la Soledad y Cristo Resucitado ante la Catedral de Le\u00f3n, que se celebra cada Domingo de Pascua.<\/p>\n<p>El Abad-Presidente de la penitencial, \u00c1lvaro Barrioluengo, destac\u00f3 que la obra resalta el patrimonio art\u00edstico de la Hermandad, as\u00ed como el papel fundamental de sus hermanos, quienes hacen posible cada procesi\u00f3n y cada acto, y la labor de los escoltas de los pasos, con la presencia de la Guardia Civil, que acompa\u00f1a al paso de Las Tres Mar\u00edas.<\/p>\n<p>Desde la Hermandad se espera que la imagen sea del agrado de todos y sirva para anunciar con ilusi\u00f3n la llegada de una nueva Semana Santa.<\/p>\n","protected":false},"excerpt":{"rendered":"<p>En la tarde del Mi\u00e9rcoles de Ceniza, la Real Hermandad de Jes\u00fas Divino Obrero ha presentado el Cartel Anunciador de la Semana Santa 2025. El acto ha tenido lugar en la Iglesia Parroquial de Jes\u00fas Divino Obrero, tras la celebraci\u00f3n de la Eucarist\u00eda y la imposici\u00f3n de la ceniza, rito con el que comienza el [&hellip;]<\/p>\n","protected":false},"author":1,"featured_media":5311,"comment_status":"open","ping_status":"open","sticky":false,"template":"","format":"standard","meta":{"footnotes":""},"categories":[28],"tags":[],"class_list":["post-4448","post","type-post","status-publish","format-standard","has-post-thumbnail","hentry","category-historico"],"_links":{"self":[{"href":"https:\/\/pruebas.cursopracticoseo.com\/wordpress_o\/wp-json\/wp\/v2\/posts\/4448","targetHints":{"allow":["GET"]}}],"collection":[{"href":"https:\/\/pruebas.cursopracticoseo.com\/wordpress_o\/wp-json\/wp\/v2\/posts"}],"about":[{"href":"https:\/\/pruebas.cursopracticoseo.com\/wordpress_o\/wp-json\/wp\/v2\/types\/post"}],"author":[{"embeddable":true,"href":"https:\/\/pruebas.cursopracticoseo.com\/wordpress_o\/wp-json\/wp\/v2\/users\/1"}],"replies":[{"embeddable":true,"href":"https:\/\/pruebas.cursopracticoseo.com\/wordpress_o\/wp-json\/wp\/v2\/comments?post=4448"}],"version-history":[{"count":1,"href":"https:\/\/pruebas.cursopracticoseo.com\/wordpress_o\/wp-json\/wp\/v2\/posts\/4448\/revisions"}],"predecessor-version":[{"id":6970,"href":"https:\/\/pruebas.cursopracticoseo.com\/wordpress_o\/wp-json\/wp\/v2\/posts\/4448\/revisions\/6970"}],"wp:featuredmedia":[{"embeddable":true,"href":"https:\/\/pruebas.cursopracticoseo.com\/wordpress_o\/wp-json\/wp\/v2\/media\/5311"}],"wp:attachment":[{"href":"https:\/\/pruebas.cursopracticoseo.com\/wordpress_o\/wp-json\/wp\/v2\/media?parent=4448"}],"wp:term":[{"taxonomy":"category","embeddable":true,"href":"https:\/\/pruebas.cursopracticoseo.com\/wordpress_o\/wp-json\/wp\/v2\/categories?post=4448"},{"taxonomy":"post_tag","embeddable":true,"href":"https:\/\/pruebas.cursopracticoseo.com\/wordpress_o\/wp-json\/wp\/v2\/tags?post=4448"}],"curies":[{"name":"wp","href":"https:\/\/api.w.org\/{rel}","templated":true}]}}