{"id":4446,"date":"2025-03-17T00:00:00","date_gmt":"2025-03-17T00:00:00","guid":{"rendered":"https:\/\/pruebas.cursopracticoseo.com\/wordpress_o\/x-jornadas-culturales-cofradia-santo-cristo-del-perdon\/"},"modified":"2026-03-16T10:52:14","modified_gmt":"2026-03-16T10:52:14","slug":"x-jornadas-culturales-cofradia-santo-cristo-del-perdon","status":"publish","type":"post","link":"https:\/\/pruebas.cursopracticoseo.com\/wordpress_o\/x-jornadas-culturales-cofradia-santo-cristo-del-perdon\/","title":{"rendered":"X JORNADAS CULTURALES &#8211; COFRAD\u00cdA SANTO CRISTO DEL PERD\u00d3N"},"content":{"rendered":"<p>El pasado s\u00e1bado 8 de marzo, la Cofrad\u00eda Santo Cristo del Perd\u00f3n de Le\u00f3n, daba inicio a sus X Jornadas Culturales en su Casa de Hermandad, con una Exposici\u00f3n de pasos en miniatura: \u201cViacrucis Pasional\u201d de D. Jes\u00fas \u00c1ngel Fern\u00e1ndez Garc\u00eda.<\/p>\n<p>La exposici\u00f3n se puede visitar hasta el domingo 23 de marzo en la Casa de Hermandad de la penitencial ferroviaria que se encuentra en la Av. De Doctor Fleming, n\u00ba 34 de Le\u00f3n en el siguiente horario: de lunes a domingo de 12:00 h a 14:00 h y de 17:00 h a 20:30 h.<\/p>\n<p>El d\u00eda 26 de marzo tendr\u00e1 lugar en su Casa de Hermandad a las 19:30 h la Proyecci\u00f3n \u2013 Coloquio, \u201cLa Pasi\u00f3n de un hombre bueno I: 1965 \u2013 1997 \u2013 Nacimiento y decadencia del Perd\u00f3n\u201d.<\/p>\n<p>El d\u00eda 27 de marzo, tambi\u00e9n a las 19:30 h en su Casa de Hermandad \u201cLa Pasi\u00f3n de un hombre bueno II: Volver a empezar, un proyecto hombro con hombro\u201d.<br \/>\nLos coloquios de los d\u00edas 26 y 27 contar\u00e1n con la presencia de D. Jos\u00e9 Antonio Fern\u00e1ndez Ramos, el cual actuar\u00e1 de moderador en los coloquios posteriores a las proyecciones.<\/p>\n<p>Las X Jornadas Culturales de la Cofrad\u00eda Santo Cristo del Perd\u00f3n, terminar\u00e1n el viernes 28 de marzo con el Preg\u00f3n del Perd\u00f3n que se celebrar\u00e1 en el Centro C\u00edvico del Crucero a las 19:00 h a cargo de D. Manuel L\u00f3pez Becker, hermano, escultor y pap\u00f3n leon\u00e9s.<\/p>\n<p>A la conclusi\u00f3n del preg\u00f3n se celebrar\u00e1 el Concierto de Cuaresma que cerrar\u00e1 estas Jornadas Culturales, donde intervendr\u00e1n la Banda de la Escuela de M\u00fasica de la Cofrad\u00eda Santo Cristo del Perd\u00f3n, la Banda de CC. y TT. De Nuestra Se\u00f1ora de la Soledad y la Agrupaci\u00f3n Musical Virgen de Celada.<\/p>\n","protected":false},"excerpt":{"rendered":"<p>El pasado s\u00e1bado 8 de marzo, la Cofrad\u00eda Santo Cristo del Perd\u00f3n de Le\u00f3n, daba inicio a sus X Jornadas Culturales en su Casa de Hermandad, con una Exposici\u00f3n de pasos en miniatura: \u201cViacrucis Pasional\u201d de D. Jes\u00fas \u00c1ngel Fern\u00e1ndez Garc\u00eda. La exposici\u00f3n se puede visitar hasta el domingo 23 de marzo en la Casa [&hellip;]<\/p>\n","protected":false},"author":1,"featured_media":5313,"comment_status":"open","ping_status":"open","sticky":false,"template":"","format":"standard","meta":{"footnotes":""},"categories":[28],"tags":[],"class_list":["post-4446","post","type-post","status-publish","format-standard","has-post-thumbnail","hentry","category-historico"],"_links":{"self":[{"href":"https:\/\/pruebas.cursopracticoseo.com\/wordpress_o\/wp-json\/wp\/v2\/posts\/4446","targetHints":{"allow":["GET"]}}],"collection":[{"href":"https:\/\/pruebas.cursopracticoseo.com\/wordpress_o\/wp-json\/wp\/v2\/posts"}],"about":[{"href":"https:\/\/pruebas.cursopracticoseo.com\/wordpress_o\/wp-json\/wp\/v2\/types\/post"}],"author":[{"embeddable":true,"href":"https:\/\/pruebas.cursopracticoseo.com\/wordpress_o\/wp-json\/wp\/v2\/users\/1"}],"replies":[{"embeddable":true,"href":"https:\/\/pruebas.cursopracticoseo.com\/wordpress_o\/wp-json\/wp\/v2\/comments?post=4446"}],"version-history":[{"count":1,"href":"https:\/\/pruebas.cursopracticoseo.com\/wordpress_o\/wp-json\/wp\/v2\/posts\/4446\/revisions"}],"predecessor-version":[{"id":6966,"href":"https:\/\/pruebas.cursopracticoseo.com\/wordpress_o\/wp-json\/wp\/v2\/posts\/4446\/revisions\/6966"}],"wp:featuredmedia":[{"embeddable":true,"href":"https:\/\/pruebas.cursopracticoseo.com\/wordpress_o\/wp-json\/wp\/v2\/media\/5313"}],"wp:attachment":[{"href":"https:\/\/pruebas.cursopracticoseo.com\/wordpress_o\/wp-json\/wp\/v2\/media?parent=4446"}],"wp:term":[{"taxonomy":"category","embeddable":true,"href":"https:\/\/pruebas.cursopracticoseo.com\/wordpress_o\/wp-json\/wp\/v2\/categories?post=4446"},{"taxonomy":"post_tag","embeddable":true,"href":"https:\/\/pruebas.cursopracticoseo.com\/wordpress_o\/wp-json\/wp\/v2\/tags?post=4446"}],"curies":[{"name":"wp","href":"https:\/\/api.w.org\/{rel}","templated":true}]}}