{"id":4443,"date":"2025-03-20T00:00:00","date_gmt":"2025-03-20T00:00:00","guid":{"rendered":"https:\/\/pruebas.cursopracticoseo.com\/wordpress_o\/reliquia-de-san-juan-pablo-ii\/"},"modified":"2026-03-16T10:50:28","modified_gmt":"2026-03-16T10:50:28","slug":"reliquia-de-san-juan-pablo-ii","status":"publish","type":"post","link":"https:\/\/pruebas.cursopracticoseo.com\/wordpress_o\/reliquia-de-san-juan-pablo-ii\/","title":{"rendered":"RELIQUIA DE SAN JUAN PABLO II"},"content":{"rendered":"<p>La Cofrad\u00eda Santo Sepulcro-Esperanza de la Vida de Le\u00f3n comunica la feliz noticia de que ha solicitado, obtenido y recibido una Reliquia aut\u00e9ntica de San Juan Pablo II.<\/p>\n<p>La Cofrad\u00eda inici\u00f3 los tr\u00e1mites en el mes de agosto del a\u00f1o pasado con la mediaci\u00f3n del Rvdmo. Monse\u00f1or Jos\u00e9 Manuel del R\u00edo Carrasco, Administrador del Dicasterio para el Culto Divino y la Disciplina de los Sacramentos. La Reliquia de la sangre de San Juan Pablo II, se recibi\u00f3 con la documentaci\u00f3n de autentificaci\u00f3n firmada por el Emmo. y Rvdmo. Se\u00f1or Cardenal Stanislaw Dziwisz, Arzobispo Em\u00e9rito de Cracovia, qui\u00e9n fue el Secretario personal del Santo Papa Wojtyla. Fue entregada a la Cofrad\u00eda a trav\u00e9s del Excmo. y Rvdmo. Sr. D. Luis \u00c1ngel de las Heras Berzal CMF, Obispo de Le\u00f3n.<\/p>\n<p>San Juan Pablo II (1920-2005) fue el papa de la Iglesia Cat\u00f3lica desde 1978 hasta su muerte en 2005. Nacido como Karol Wojtyla en Polonia, fue el primer papa no italiano en m\u00e1s de 450 a\u00f1os y tuvo un papel clave en la ca\u00edda del comunismo en Europa del Este, especialmente en su pa\u00eds natal. Fue un l\u00edder carism\u00e1tico, viaj\u00f3 extensamente por el mundo y promovi\u00f3 mensajes de paz, derechos humanos y di\u00e1logo interreligioso. Fue canonizado como santo en 2014 por el Papa Francisco. Bajo su pontificado fue creada la Cofrad\u00eda en el a\u00f1o 1992.<\/p>\n<p>La Reliquia ser\u00e1 expuesta al culto en la Parroquia de San Froil\u00e1n, sede can\u00f3nica de la Cofrad\u00eda, por indicaci\u00f3n del Sr. Obispo y con la conformidad de su P\u00e1rroco D. Javier D\u00edez Gonz\u00e1lez, en fecha que se anunciar\u00e1 oportunamente.<\/p>\n<p>La Cofrad\u00eda agradece a todas las personas que han participado en la solicitud, concesi\u00f3n y entrega de esta preciada Reliquia. Igualmente desea que su exposici\u00f3n al culto incremente la devoci\u00f3n hacia San Juan Pablo II, un santo de nuestros d\u00edas y cuyos beneficios espirituales se extiendan a los hermanos de la Cofrad\u00eda, a los cofrades leoneses, a la Parroquia de San Froil\u00e1n, a la ciudad de Le\u00f3n y a la Di\u00f3cesis de Le\u00f3n.<\/p>\n","protected":false},"excerpt":{"rendered":"<p>La Cofrad\u00eda Santo Sepulcro-Esperanza de la Vida de Le\u00f3n comunica la feliz noticia de que ha solicitado, obtenido y recibido una Reliquia aut\u00e9ntica de San Juan Pablo II. La Cofrad\u00eda inici\u00f3 los tr\u00e1mites en el mes de agosto del a\u00f1o pasado con la mediaci\u00f3n del Rvdmo. Monse\u00f1or Jos\u00e9 Manuel del R\u00edo Carrasco, Administrador del Dicasterio [&hellip;]<\/p>\n","protected":false},"author":1,"featured_media":5316,"comment_status":"open","ping_status":"open","sticky":false,"template":"","format":"standard","meta":{"footnotes":""},"categories":[28],"tags":[],"class_list":["post-4443","post","type-post","status-publish","format-standard","has-post-thumbnail","hentry","category-historico"],"_links":{"self":[{"href":"https:\/\/pruebas.cursopracticoseo.com\/wordpress_o\/wp-json\/wp\/v2\/posts\/4443","targetHints":{"allow":["GET"]}}],"collection":[{"href":"https:\/\/pruebas.cursopracticoseo.com\/wordpress_o\/wp-json\/wp\/v2\/posts"}],"about":[{"href":"https:\/\/pruebas.cursopracticoseo.com\/wordpress_o\/wp-json\/wp\/v2\/types\/post"}],"author":[{"embeddable":true,"href":"https:\/\/pruebas.cursopracticoseo.com\/wordpress_o\/wp-json\/wp\/v2\/users\/1"}],"replies":[{"embeddable":true,"href":"https:\/\/pruebas.cursopracticoseo.com\/wordpress_o\/wp-json\/wp\/v2\/comments?post=4443"}],"version-history":[{"count":1,"href":"https:\/\/pruebas.cursopracticoseo.com\/wordpress_o\/wp-json\/wp\/v2\/posts\/4443\/revisions"}],"predecessor-version":[{"id":6965,"href":"https:\/\/pruebas.cursopracticoseo.com\/wordpress_o\/wp-json\/wp\/v2\/posts\/4443\/revisions\/6965"}],"wp:featuredmedia":[{"embeddable":true,"href":"https:\/\/pruebas.cursopracticoseo.com\/wordpress_o\/wp-json\/wp\/v2\/media\/5316"}],"wp:attachment":[{"href":"https:\/\/pruebas.cursopracticoseo.com\/wordpress_o\/wp-json\/wp\/v2\/media?parent=4443"}],"wp:term":[{"taxonomy":"category","embeddable":true,"href":"https:\/\/pruebas.cursopracticoseo.com\/wordpress_o\/wp-json\/wp\/v2\/categories?post=4443"},{"taxonomy":"post_tag","embeddable":true,"href":"https:\/\/pruebas.cursopracticoseo.com\/wordpress_o\/wp-json\/wp\/v2\/tags?post=4443"}],"curies":[{"name":"wp","href":"https:\/\/api.w.org\/{rel}","templated":true}]}}