{"id":4439,"date":"2025-03-25T00:00:00","date_gmt":"2025-03-25T00:00:00","guid":{"rendered":"https:\/\/pruebas.cursopracticoseo.com\/wordpress_o\/triduo-y-besamanos-a-la-virgen-de-la-soledad\/"},"modified":"2026-03-16T10:49:20","modified_gmt":"2026-03-16T10:49:20","slug":"triduo-y-besamanos-a-la-virgen-de-la-soledad","status":"publish","type":"post","link":"https:\/\/pruebas.cursopracticoseo.com\/wordpress_o\/triduo-y-besamanos-a-la-virgen-de-la-soledad\/","title":{"rendered":"TRIDUO Y BESAMANOS A LA VIRGEN DE LA SOLEDAD"},"content":{"rendered":"<p>La Real Hermandad de Jes\u00fas Divino Obrero celebrar\u00e1 esta semana el Solemne Triduo y Besamanos en honor a la Virgen de la Soledad, en su Sede Can\u00f3nica, la Iglesia Parroquial de Jes\u00fas Divino Obrero.<\/p>\n<p>Los actos comenzar\u00e1n el jueves 27 de marzo con el rezo del Santo Rosario a las 18:30 horas, seguido de la Santa Misa a las 19:00 horas. El viernes 28 de marzo, a la misma hora, se llevar\u00e1 a cabo el rezo del Viacrucis y, a continuaci\u00f3n, la celebraci\u00f3n de la Eucarist\u00eda. El s\u00e1bado 29 de marzo, \u00faltimo d\u00eda del Triduo, el rezo del Santo Rosario tendr\u00e1 lugar a las 18:30 horas.<\/p>\n<p>Ese mismo s\u00e1bado, la imagen de la Virgen de la Soledad estar\u00e1 expuesta en Solemne Besamanos en horario de 11:30 a 13:00 horas y de 17:00 a 18:30 horas<br \/>\n.<br \/>\nEl Triduo concluir\u00e1 con la celebraci\u00f3n de la Eucarist\u00eda el s\u00e1bado a las 19:00 horas, durante la cual se proceder\u00e1 a la bendici\u00f3n de enseres. Al finalizar la Misa, se llevar\u00e1 a cabo el acto de bienvenida a los nuevos hermanos.<\/p>\n<p>La Hermandad invita a todos sus hermanos, as\u00ed como a todo aquel que desee acudir, a participar en estos actos.<\/p>\n","protected":false},"excerpt":{"rendered":"<p>La Real Hermandad de Jes\u00fas Divino Obrero celebrar\u00e1 esta semana el Solemne Triduo y Besamanos en honor a la Virgen de la Soledad, en su Sede Can\u00f3nica, la Iglesia Parroquial de Jes\u00fas Divino Obrero. Los actos comenzar\u00e1n el jueves 27 de marzo con el rezo del Santo Rosario a las 18:30 horas, seguido de la [&hellip;]<\/p>\n","protected":false},"author":1,"featured_media":5320,"comment_status":"open","ping_status":"open","sticky":false,"template":"","format":"standard","meta":{"footnotes":""},"categories":[28],"tags":[],"class_list":["post-4439","post","type-post","status-publish","format-standard","has-post-thumbnail","hentry","category-historico"],"_links":{"self":[{"href":"https:\/\/pruebas.cursopracticoseo.com\/wordpress_o\/wp-json\/wp\/v2\/posts\/4439","targetHints":{"allow":["GET"]}}],"collection":[{"href":"https:\/\/pruebas.cursopracticoseo.com\/wordpress_o\/wp-json\/wp\/v2\/posts"}],"about":[{"href":"https:\/\/pruebas.cursopracticoseo.com\/wordpress_o\/wp-json\/wp\/v2\/types\/post"}],"author":[{"embeddable":true,"href":"https:\/\/pruebas.cursopracticoseo.com\/wordpress_o\/wp-json\/wp\/v2\/users\/1"}],"replies":[{"embeddable":true,"href":"https:\/\/pruebas.cursopracticoseo.com\/wordpress_o\/wp-json\/wp\/v2\/comments?post=4439"}],"version-history":[{"count":1,"href":"https:\/\/pruebas.cursopracticoseo.com\/wordpress_o\/wp-json\/wp\/v2\/posts\/4439\/revisions"}],"predecessor-version":[{"id":6963,"href":"https:\/\/pruebas.cursopracticoseo.com\/wordpress_o\/wp-json\/wp\/v2\/posts\/4439\/revisions\/6963"}],"wp:featuredmedia":[{"embeddable":true,"href":"https:\/\/pruebas.cursopracticoseo.com\/wordpress_o\/wp-json\/wp\/v2\/media\/5320"}],"wp:attachment":[{"href":"https:\/\/pruebas.cursopracticoseo.com\/wordpress_o\/wp-json\/wp\/v2\/media?parent=4439"}],"wp:term":[{"taxonomy":"category","embeddable":true,"href":"https:\/\/pruebas.cursopracticoseo.com\/wordpress_o\/wp-json\/wp\/v2\/categories?post=4439"},{"taxonomy":"post_tag","embeddable":true,"href":"https:\/\/pruebas.cursopracticoseo.com\/wordpress_o\/wp-json\/wp\/v2\/tags?post=4439"}],"curies":[{"name":"wp","href":"https:\/\/api.w.org\/{rel}","templated":true}]}}