{"id":4438,"date":"2025-03-27T00:00:00","date_gmt":"2025-03-27T00:00:00","guid":{"rendered":"https:\/\/pruebas.cursopracticoseo.com\/wordpress_o\/via-crucis-2025\/"},"modified":"2026-03-16T10:47:38","modified_gmt":"2026-03-16T10:47:38","slug":"via-crucis-2025","status":"publish","type":"post","link":"https:\/\/pruebas.cursopracticoseo.com\/wordpress_o\/via-crucis-2025\/","title":{"rendered":"V\u00cdA CRUCIS 2025"},"content":{"rendered":"<p>El pr\u00f3ximo s\u00e1bado 29 de marzo, coincidiendo con el Cuarto S\u00e1bado de Cuaresma, la Cofrad\u00eda de Nuestro Se\u00f1or Jes\u00fas de la Redenci\u00f3n celebrar\u00e1 (D.m.) su tradicional V\u00eda Crucis.<\/p>\n<p>A las 20:00 horas, el Santo Cristo de la Redenci\u00f3n ser\u00e1 portado a hombros por sus Hermanos en una parihuela desde la Capilla del Monasterio de las Madres Benedictinas (Carbajalas) y recorrer\u00e1 las calles de la ciudad conforme al siguiente itinerario: Monasterio de las Madres Benedictinas (Carbajalas), Escurial, Puerta Moneda, Cercas, San Francisco, Plaza de las Concepciones (Concepcionistas), Fern\u00e1ndez Cad\u00f3rniga, Juan II, Plaza de Santa Mar\u00eda del Camino (del Grano), Calle de la Capilla, Herreros, Iglesia de Nuestra Se\u00f1ora del Mercado (donde se rezar\u00e1n dos estaciones), Escurial y regreso al Monasterio de las Madres Benedictinas (Carbajalas).<\/p>\n<p>Durante el recorrido, los fieles acompa\u00f1ar\u00e1n el rezo de las Estaciones del V\u00eda Crucis, un acto de recogimiento y oraci\u00f3n en preparaci\u00f3n para la Semana Santa. Asimismo, contaremos con el acompa\u00f1amiento musical del Quinteto de Metales Reino de Le\u00f3n, que contribuir\u00e1 a realzar la solemnidad del acto.<\/p>\n","protected":false},"excerpt":{"rendered":"<p>El pr\u00f3ximo s\u00e1bado 29 de marzo, coincidiendo con el Cuarto S\u00e1bado de Cuaresma, la Cofrad\u00eda de Nuestro Se\u00f1or Jes\u00fas de la Redenci\u00f3n celebrar\u00e1 (D.m.) su tradicional V\u00eda Crucis. A las 20:00 horas, el Santo Cristo de la Redenci\u00f3n ser\u00e1 portado a hombros por sus Hermanos en una parihuela desde la Capilla del Monasterio de las [&hellip;]<\/p>\n","protected":false},"author":1,"featured_media":5321,"comment_status":"open","ping_status":"open","sticky":false,"template":"","format":"standard","meta":{"footnotes":""},"categories":[28],"tags":[],"class_list":["post-4438","post","type-post","status-publish","format-standard","has-post-thumbnail","hentry","category-historico"],"_links":{"self":[{"href":"https:\/\/pruebas.cursopracticoseo.com\/wordpress_o\/wp-json\/wp\/v2\/posts\/4438","targetHints":{"allow":["GET"]}}],"collection":[{"href":"https:\/\/pruebas.cursopracticoseo.com\/wordpress_o\/wp-json\/wp\/v2\/posts"}],"about":[{"href":"https:\/\/pruebas.cursopracticoseo.com\/wordpress_o\/wp-json\/wp\/v2\/types\/post"}],"author":[{"embeddable":true,"href":"https:\/\/pruebas.cursopracticoseo.com\/wordpress_o\/wp-json\/wp\/v2\/users\/1"}],"replies":[{"embeddable":true,"href":"https:\/\/pruebas.cursopracticoseo.com\/wordpress_o\/wp-json\/wp\/v2\/comments?post=4438"}],"version-history":[{"count":1,"href":"https:\/\/pruebas.cursopracticoseo.com\/wordpress_o\/wp-json\/wp\/v2\/posts\/4438\/revisions"}],"predecessor-version":[{"id":6962,"href":"https:\/\/pruebas.cursopracticoseo.com\/wordpress_o\/wp-json\/wp\/v2\/posts\/4438\/revisions\/6962"}],"wp:featuredmedia":[{"embeddable":true,"href":"https:\/\/pruebas.cursopracticoseo.com\/wordpress_o\/wp-json\/wp\/v2\/media\/5321"}],"wp:attachment":[{"href":"https:\/\/pruebas.cursopracticoseo.com\/wordpress_o\/wp-json\/wp\/v2\/media?parent=4438"}],"wp:term":[{"taxonomy":"category","embeddable":true,"href":"https:\/\/pruebas.cursopracticoseo.com\/wordpress_o\/wp-json\/wp\/v2\/categories?post=4438"},{"taxonomy":"post_tag","embeddable":true,"href":"https:\/\/pruebas.cursopracticoseo.com\/wordpress_o\/wp-json\/wp\/v2\/tags?post=4438"}],"curies":[{"name":"wp","href":"https:\/\/api.w.org\/{rel}","templated":true}]}}