{"id":4437,"date":"2025-03-31T00:00:00","date_gmt":"2025-03-31T00:00:00","guid":{"rendered":"https:\/\/pruebas.cursopracticoseo.com\/wordpress_o\/concierto-camino-de-la-luz\/"},"modified":"2026-03-16T10:46:22","modified_gmt":"2026-03-16T10:46:22","slug":"concierto-camino-de-la-luz","status":"publish","type":"post","link":"https:\/\/pruebas.cursopracticoseo.com\/wordpress_o\/concierto-camino-de-la-luz\/","title":{"rendered":"CONCIERTO CAMINO DE LA LUZ"},"content":{"rendered":"<p>El pr\u00f3ximo domingo, d\u00eda 6 de abril, a las 18.30 horas y en la Parroquia de San Froil\u00e1n, la Cofrad\u00eda Santo Sepulcro &#8211; Esperanza de la Vida organiza un concierto en el que intervendr\u00e1n la Banda de Cornetas y Tambores de la Cofrad\u00eda del Dulce Nombre de Jes\u00fas Nazareno y la Agrupaci\u00f3n Musical de la Cofrad\u00eda Santo Sepulcro &#8211; Esperanza de la Vida.<\/p>\n<p>El concierto ser\u00e1 presentado por el Hno. Manuel J\u00e1\u00f1ez Gallego y servir\u00e1 como marco de presentaci\u00f3n de la marcha \u00abEl Camino de la Luz\u00bb, que la citada Banda ha compuesto para Nuestra Se\u00f1ora de la Luz.<\/p>\n","protected":false},"excerpt":{"rendered":"<p>El pr\u00f3ximo domingo, d\u00eda 6 de abril, a las 18.30 horas y en la Parroquia de San Froil\u00e1n, la Cofrad\u00eda Santo Sepulcro &#8211; Esperanza de la Vida organiza un concierto en el que intervendr\u00e1n la Banda de Cornetas y Tambores de la Cofrad\u00eda del Dulce Nombre de Jes\u00fas Nazareno y la Agrupaci\u00f3n Musical de la [&hellip;]<\/p>\n","protected":false},"author":1,"featured_media":5322,"comment_status":"open","ping_status":"open","sticky":false,"template":"","format":"standard","meta":{"footnotes":""},"categories":[28],"tags":[],"class_list":["post-4437","post","type-post","status-publish","format-standard","has-post-thumbnail","hentry","category-historico"],"_links":{"self":[{"href":"https:\/\/pruebas.cursopracticoseo.com\/wordpress_o\/wp-json\/wp\/v2\/posts\/4437","targetHints":{"allow":["GET"]}}],"collection":[{"href":"https:\/\/pruebas.cursopracticoseo.com\/wordpress_o\/wp-json\/wp\/v2\/posts"}],"about":[{"href":"https:\/\/pruebas.cursopracticoseo.com\/wordpress_o\/wp-json\/wp\/v2\/types\/post"}],"author":[{"embeddable":true,"href":"https:\/\/pruebas.cursopracticoseo.com\/wordpress_o\/wp-json\/wp\/v2\/users\/1"}],"replies":[{"embeddable":true,"href":"https:\/\/pruebas.cursopracticoseo.com\/wordpress_o\/wp-json\/wp\/v2\/comments?post=4437"}],"version-history":[{"count":1,"href":"https:\/\/pruebas.cursopracticoseo.com\/wordpress_o\/wp-json\/wp\/v2\/posts\/4437\/revisions"}],"predecessor-version":[{"id":6961,"href":"https:\/\/pruebas.cursopracticoseo.com\/wordpress_o\/wp-json\/wp\/v2\/posts\/4437\/revisions\/6961"}],"wp:featuredmedia":[{"embeddable":true,"href":"https:\/\/pruebas.cursopracticoseo.com\/wordpress_o\/wp-json\/wp\/v2\/media\/5322"}],"wp:attachment":[{"href":"https:\/\/pruebas.cursopracticoseo.com\/wordpress_o\/wp-json\/wp\/v2\/media?parent=4437"}],"wp:term":[{"taxonomy":"category","embeddable":true,"href":"https:\/\/pruebas.cursopracticoseo.com\/wordpress_o\/wp-json\/wp\/v2\/categories?post=4437"},{"taxonomy":"post_tag","embeddable":true,"href":"https:\/\/pruebas.cursopracticoseo.com\/wordpress_o\/wp-json\/wp\/v2\/tags?post=4437"}],"curies":[{"name":"wp","href":"https:\/\/api.w.org\/{rel}","templated":true}]}}