{"id":4423,"date":"2025-05-29T00:00:00","date_gmt":"2025-05-29T00:00:00","guid":{"rendered":"https:\/\/pruebas.cursopracticoseo.com\/wordpress_o\/fiesta-aniversario-cofradia-santo-cristo-de-la-bienaventuranza\/"},"modified":"2026-03-04T14:18:59","modified_gmt":"2026-03-04T14:18:59","slug":"fiesta-aniversario-cofradia-santo-cristo-de-la-bienaventuranza","status":"publish","type":"post","link":"https:\/\/pruebas.cursopracticoseo.com\/wordpress_o\/fiesta-aniversario-cofradia-santo-cristo-de-la-bienaventuranza\/","title":{"rendered":"FIESTA ANIVERSARIO COFRAD\u00cdA \u201cSANTO CRISTO DE LA BIENAVENTURANZA\u201d"},"content":{"rendered":"<p>Este 8 de junio, se cumplen 33 a\u00f1os desde que D. Antonio Vilaplana, obispo en aquel entonces de la di\u00f3cesis de Le\u00f3n, firmase el decreto fundacional de nuestra cofrad\u00eda \u201cSanto Cristo de la Bienaventuranza\u201d. Por ello, el pr\u00f3ximo s\u00e1bado 7 de junio a las 11:00 horas, celebraremos una solemne eucarist\u00eda de acci\u00f3n de gracias en nuestra sede can\u00f3nica, la parroquia de San Claudio. Al finalizar la misa, se entregar\u00e1 un diploma a los hermanos que cumplen 25 a\u00f1os como hermanos de la cofrad\u00eda.<\/p>\n<p>Posteriormente, y ya en el patio del CEIP San Claudio (con entrada por la calle Cipriano de la Huerga), se desarrollar\u00e1 una jornada de convivencia con el siguiente programa:<\/p>\n<p>\u2022 12:30 \u2013 Pasacalles de la Agrupaci\u00f3n Musical con salida desde la plaza del Congreso Eucar\u00edstico y que recorrer\u00e1 las calles Juan Ferreras y Cipriano de la Huerga para llegar hasta el patio del colegio.<br \/>\n\u2022 13:00 \u2013 Concierto de la Agrupaci\u00f3n Musical de la cofrad\u00eda.<br \/>\n\u2022 13:45 \u2013 Actividades infantiles.<br \/>\n\u2022 14:30 \u2013 Paella de hermandad. Los tickets, al precio de 7 euros, pueden adquirirse en la sede de la cofrad\u00eda los viernes de 19:30 a 21:00 horas o en la nave de la agrupaci\u00f3n en su horario de ensayos.<br \/>\n\u2022 16:00 &#8211; Juegos para todos.<\/p>\n","protected":false},"excerpt":{"rendered":"<p>Este 8 de junio, se cumplen 33 a\u00f1os desde que D. Antonio Vilaplana, obispo en aquel entonces de la di\u00f3cesis de Le\u00f3n, firmase el decreto fundacional de nuestra cofrad\u00eda \u201cSanto Cristo de la Bienaventuranza\u201d. Por ello, el pr\u00f3ximo s\u00e1bado 7 de junio a las 11:00 horas, celebraremos una solemne eucarist\u00eda de acci\u00f3n de gracias en [&hellip;]<\/p>\n","protected":false},"author":1,"featured_media":5336,"comment_status":"open","ping_status":"open","sticky":false,"template":"","format":"standard","meta":{"footnotes":""},"categories":[28],"tags":[],"class_list":["post-4423","post","type-post","status-publish","format-standard","has-post-thumbnail","hentry","category-historico"],"_links":{"self":[{"href":"https:\/\/pruebas.cursopracticoseo.com\/wordpress_o\/wp-json\/wp\/v2\/posts\/4423","targetHints":{"allow":["GET"]}}],"collection":[{"href":"https:\/\/pruebas.cursopracticoseo.com\/wordpress_o\/wp-json\/wp\/v2\/posts"}],"about":[{"href":"https:\/\/pruebas.cursopracticoseo.com\/wordpress_o\/wp-json\/wp\/v2\/types\/post"}],"author":[{"embeddable":true,"href":"https:\/\/pruebas.cursopracticoseo.com\/wordpress_o\/wp-json\/wp\/v2\/users\/1"}],"replies":[{"embeddable":true,"href":"https:\/\/pruebas.cursopracticoseo.com\/wordpress_o\/wp-json\/wp\/v2\/comments?post=4423"}],"version-history":[{"count":1,"href":"https:\/\/pruebas.cursopracticoseo.com\/wordpress_o\/wp-json\/wp\/v2\/posts\/4423\/revisions"}],"predecessor-version":[{"id":5683,"href":"https:\/\/pruebas.cursopracticoseo.com\/wordpress_o\/wp-json\/wp\/v2\/posts\/4423\/revisions\/5683"}],"wp:featuredmedia":[{"embeddable":true,"href":"https:\/\/pruebas.cursopracticoseo.com\/wordpress_o\/wp-json\/wp\/v2\/media\/5336"}],"wp:attachment":[{"href":"https:\/\/pruebas.cursopracticoseo.com\/wordpress_o\/wp-json\/wp\/v2\/media?parent=4423"}],"wp:term":[{"taxonomy":"category","embeddable":true,"href":"https:\/\/pruebas.cursopracticoseo.com\/wordpress_o\/wp-json\/wp\/v2\/categories?post=4423"},{"taxonomy":"post_tag","embeddable":true,"href":"https:\/\/pruebas.cursopracticoseo.com\/wordpress_o\/wp-json\/wp\/v2\/tags?post=4423"}],"curies":[{"name":"wp","href":"https:\/\/api.w.org\/{rel}","templated":true}]}}