{"id":4422,"date":"2025-06-13T00:00:00","date_gmt":"2025-06-13T00:00:00","guid":{"rendered":"https:\/\/pruebas.cursopracticoseo.com\/wordpress_o\/toma-de-posesion-del-nuevo-abad-de-la-cofradia-santo-cristo-del-perdon\/"},"modified":"2026-03-04T14:18:21","modified_gmt":"2026-03-04T14:18:21","slug":"toma-de-posesion-del-nuevo-abad-de-la-cofradia-santo-cristo-del-perdon","status":"publish","type":"post","link":"https:\/\/pruebas.cursopracticoseo.com\/wordpress_o\/toma-de-posesion-del-nuevo-abad-de-la-cofradia-santo-cristo-del-perdon\/","title":{"rendered":"TOMA DE POSESI\u00d3N DEL NUEVO ABAD DE LA COFRAD\u00cdA SANTO CRISTO DEL PERD\u00d3N"},"content":{"rendered":"<p>El pr\u00f3ximo domingo 15 de junio, durante la celebraci\u00f3n eucar\u00edstica de las 12:30 horas en la Iglesia de San Francisco de la Vega (C\/G\u00f3mez de Salazar, Le\u00f3n), sede<br \/>\ncan\u00f3nica de nuestra penitencial, tendr\u00e1 lugar el solemne Acto de Toma de Posesi\u00f3n del cargo de Abad de la Cofrad\u00eda Santo Cristo del Perd\u00f3n para el mandato 2025-2027.<\/p>\n<p>En esta ocasi\u00f3n, el hermano D. Juan Jos\u00e9 Tubilla Santiago asumir\u00e1 tan distinguida responsabilidad, con el compromiso y la dedicaci\u00f3n que lo han caracterizado a lo largo de su trayectoria en la hermandad.<\/p>\n<p>El hermano D. Juan Jos\u00e9 Tubilla Santiago personifica los valores fundacionales de nuestra Cofrad\u00eda: Humildad y Caridad. Su compromiso, siempre discreto pero efectivo, es innegable. Este a\u00f1o celebra veinte a\u00f1os de servicio en la Junta de Seises, desempe\u00f1ando diversas responsabilidades con entrega y vocaci\u00f3n, entre ellas la de Vice Ordenador Mayor. Sin embargo, su mayor legado lo ha dejado como seise del paso del Cristo de la Esperanza, paso pujado por los cofrades m\u00e1s j\u00f3venes. All\u00ed ha cultivado el respeto, la formaci\u00f3n y el sentido de comunidad, creando un espacio de integraci\u00f3n para las nuevas generaciones y asegurando el arraigo de los valores esenciales de nuestra penitencial.<\/p>\n<p>D. Juan Jos\u00e9 Tubilla Santiago, suceder\u00e1 en la abad\u00eda de la penitencial del Perd\u00f3n leonesa a D. Jos\u00e9 Mar\u00eda Urdiales Puente que la ha ostentado desde el 8 de junio de 2019.<\/p>\n<p>Invitamos a Cofrades y simpatizantes de nuestra Cofrad\u00eda a acompa\u00f1arnos en esta significativa celebraci\u00f3n, en la que honraremos el compromiso y la vocaci\u00f3n de servicio de nuestro nuevo Abad.<\/p>\n","protected":false},"excerpt":{"rendered":"<p>El pr\u00f3ximo domingo 15 de junio, durante la celebraci\u00f3n eucar\u00edstica de las 12:30 horas en la Iglesia de San Francisco de la Vega (C\/G\u00f3mez de Salazar, Le\u00f3n), sede can\u00f3nica de nuestra penitencial, tendr\u00e1 lugar el solemne Acto de Toma de Posesi\u00f3n del cargo de Abad de la Cofrad\u00eda Santo Cristo del Perd\u00f3n para el mandato [&hellip;]<\/p>\n","protected":false},"author":1,"featured_media":5337,"comment_status":"open","ping_status":"open","sticky":false,"template":"","format":"standard","meta":{"footnotes":""},"categories":[28],"tags":[],"class_list":["post-4422","post","type-post","status-publish","format-standard","has-post-thumbnail","hentry","category-historico"],"_links":{"self":[{"href":"https:\/\/pruebas.cursopracticoseo.com\/wordpress_o\/wp-json\/wp\/v2\/posts\/4422","targetHints":{"allow":["GET"]}}],"collection":[{"href":"https:\/\/pruebas.cursopracticoseo.com\/wordpress_o\/wp-json\/wp\/v2\/posts"}],"about":[{"href":"https:\/\/pruebas.cursopracticoseo.com\/wordpress_o\/wp-json\/wp\/v2\/types\/post"}],"author":[{"embeddable":true,"href":"https:\/\/pruebas.cursopracticoseo.com\/wordpress_o\/wp-json\/wp\/v2\/users\/1"}],"replies":[{"embeddable":true,"href":"https:\/\/pruebas.cursopracticoseo.com\/wordpress_o\/wp-json\/wp\/v2\/comments?post=4422"}],"version-history":[{"count":1,"href":"https:\/\/pruebas.cursopracticoseo.com\/wordpress_o\/wp-json\/wp\/v2\/posts\/4422\/revisions"}],"predecessor-version":[{"id":5682,"href":"https:\/\/pruebas.cursopracticoseo.com\/wordpress_o\/wp-json\/wp\/v2\/posts\/4422\/revisions\/5682"}],"wp:featuredmedia":[{"embeddable":true,"href":"https:\/\/pruebas.cursopracticoseo.com\/wordpress_o\/wp-json\/wp\/v2\/media\/5337"}],"wp:attachment":[{"href":"https:\/\/pruebas.cursopracticoseo.com\/wordpress_o\/wp-json\/wp\/v2\/media?parent=4422"}],"wp:term":[{"taxonomy":"category","embeddable":true,"href":"https:\/\/pruebas.cursopracticoseo.com\/wordpress_o\/wp-json\/wp\/v2\/categories?post=4422"},{"taxonomy":"post_tag","embeddable":true,"href":"https:\/\/pruebas.cursopracticoseo.com\/wordpress_o\/wp-json\/wp\/v2\/tags?post=4422"}],"curies":[{"name":"wp","href":"https:\/\/api.w.org\/{rel}","templated":true}]}}