{"id":4421,"date":"2025-06-20T00:00:00","date_gmt":"2025-06-20T00:00:00","guid":{"rendered":"https:\/\/pruebas.cursopracticoseo.com\/wordpress_o\/corpus-christi-en-la-parroquia-de-san-francisco-de-la-vega\/"},"modified":"2026-03-04T14:17:33","modified_gmt":"2026-03-04T14:17:33","slug":"corpus-christi-en-la-parroquia-de-san-francisco-de-la-vega","status":"publish","type":"post","link":"https:\/\/pruebas.cursopracticoseo.com\/wordpress_o\/corpus-christi-en-la-parroquia-de-san-francisco-de-la-vega\/","title":{"rendered":"CORPUS CHRISTI EN LA PARROQUIA DE SAN FRANCISCO DE LA VEGA"},"content":{"rendered":"<p>La Parroquia de San Francisco de la Vega celebrar\u00e1 la Festividad del Corpus Christi el domingo 22 de junio con una solemne eucarist\u00eda a las 10:00 h de la ma\u00f1ana. Al finalizar, dar\u00e1 comienzo la procesi\u00f3n parroquial por las calles del barrio, con el siguiente recorrido:<\/p>\n<p>Iglesia Parroquial, G\u00f3mez Salazar, Do\u00f1a Urraca, Cofrad\u00eda del Ciento (con parada en el Centro BuenD\u00eda La Sal, donde se proceder\u00e1 a la exaltaci\u00f3n del Sant\u00edsimo Sacramento ante el altar all\u00ed instalado), Demetrio Monteser\u00edn, Doctor Fleming, Ram\u00f3n Calabozo, G\u00f3mez Salazar, y regreso a la Iglesia Parroquial.<\/p>\n<p>Un a\u00f1o m\u00e1s, la Cofrad\u00eda Santo Cristo del Perd\u00f3n colaborar\u00e1 activamente en los actos organizados por su sede can\u00f3nica. Sus hermanos ser\u00e1n los encargados de portar el paso con la Custodia, y su Banda de M\u00fasica acompa\u00f1ar\u00e1 el recorrido con los sones propios de la festividad.<\/p>\n<p>Desde la Junta de Seises de la Cofrad\u00eda se invita a todos los hermanos y feligreses a participar en la procesi\u00f3n. En los \u00faltimos a\u00f1os, la exaltaci\u00f3n del Sant\u00edsimo Sacramento en el altar instalado en el Centro BuenD\u00eda La Sal se ha convertido en un momento especialmente emotivo y entra\u00f1able.<\/p>\n","protected":false},"excerpt":{"rendered":"<p>La Parroquia de San Francisco de la Vega celebrar\u00e1 la Festividad del Corpus Christi el domingo 22 de junio con una solemne eucarist\u00eda a las 10:00 h de la ma\u00f1ana. Al finalizar, dar\u00e1 comienzo la procesi\u00f3n parroquial por las calles del barrio, con el siguiente recorrido: Iglesia Parroquial, G\u00f3mez Salazar, Do\u00f1a Urraca, Cofrad\u00eda del Ciento [&hellip;]<\/p>\n","protected":false},"author":1,"featured_media":5338,"comment_status":"open","ping_status":"open","sticky":false,"template":"","format":"standard","meta":{"footnotes":""},"categories":[28],"tags":[],"class_list":["post-4421","post","type-post","status-publish","format-standard","has-post-thumbnail","hentry","category-historico"],"_links":{"self":[{"href":"https:\/\/pruebas.cursopracticoseo.com\/wordpress_o\/wp-json\/wp\/v2\/posts\/4421","targetHints":{"allow":["GET"]}}],"collection":[{"href":"https:\/\/pruebas.cursopracticoseo.com\/wordpress_o\/wp-json\/wp\/v2\/posts"}],"about":[{"href":"https:\/\/pruebas.cursopracticoseo.com\/wordpress_o\/wp-json\/wp\/v2\/types\/post"}],"author":[{"embeddable":true,"href":"https:\/\/pruebas.cursopracticoseo.com\/wordpress_o\/wp-json\/wp\/v2\/users\/1"}],"replies":[{"embeddable":true,"href":"https:\/\/pruebas.cursopracticoseo.com\/wordpress_o\/wp-json\/wp\/v2\/comments?post=4421"}],"version-history":[{"count":1,"href":"https:\/\/pruebas.cursopracticoseo.com\/wordpress_o\/wp-json\/wp\/v2\/posts\/4421\/revisions"}],"predecessor-version":[{"id":5681,"href":"https:\/\/pruebas.cursopracticoseo.com\/wordpress_o\/wp-json\/wp\/v2\/posts\/4421\/revisions\/5681"}],"wp:featuredmedia":[{"embeddable":true,"href":"https:\/\/pruebas.cursopracticoseo.com\/wordpress_o\/wp-json\/wp\/v2\/media\/5338"}],"wp:attachment":[{"href":"https:\/\/pruebas.cursopracticoseo.com\/wordpress_o\/wp-json\/wp\/v2\/media?parent=4421"}],"wp:term":[{"taxonomy":"category","embeddable":true,"href":"https:\/\/pruebas.cursopracticoseo.com\/wordpress_o\/wp-json\/wp\/v2\/categories?post=4421"},{"taxonomy":"post_tag","embeddable":true,"href":"https:\/\/pruebas.cursopracticoseo.com\/wordpress_o\/wp-json\/wp\/v2\/tags?post=4421"}],"curies":[{"name":"wp","href":"https:\/\/api.w.org\/{rel}","templated":true}]}}