{"id":4420,"date":"2025-10-03T00:00:00","date_gmt":"2025-10-03T00:00:00","guid":{"rendered":"https:\/\/pruebas.cursopracticoseo.com\/wordpress_o\/festividad-san-francisco-de-asis\/"},"modified":"2026-03-04T14:17:04","modified_gmt":"2026-03-04T14:17:04","slug":"festividad-san-francisco-de-asis","status":"publish","type":"post","link":"https:\/\/pruebas.cursopracticoseo.com\/wordpress_o\/festividad-san-francisco-de-asis\/","title":{"rendered":"FESTIVIDAD SAN FRANCISCO DE AS\u00cdS"},"content":{"rendered":"<p>La Cofrad\u00eda Santo Cristo del Perd\u00f3n, colabora otro a\u00f1o m\u00e1s, con los actos que tiene programados su sede can\u00f3nica, la Parroquia de San Francisco de la Vega, con motivo de la Festividad de SAN FRANCISCO DE AS\u00cdS, patrono de su sede, este S\u00c1BADO 4 DE OCTUBRE.<\/p>\n<p>A las 18:30 horas, tendr\u00e1 lugar la Eucarist\u00eda en Honor a San Francisco<br \/>\n.<br \/>\nA continuaci\u00f3n, a las 19:00 horas, est\u00e1 programada una Procesi\u00f3n en honor a San Francisco de As\u00eds, en la que colaborar\u00e1n los hermanos y hermanas de la penitencial ferroviaria, la Banda de la Escuela de M\u00fasica de la Cofrad\u00eda Santo Cristo del Perd\u00f3n y los feligreses del Barrio de La Vega. La procesi\u00f3n discurrir\u00e1 por las siguientes calles del barrio: Iglesia Parroquial, G\u00f3mez de Salazar, Doctor Fleming, Do\u00f1a Urraca, Cofrad\u00eda del Ciento, Demetrio Monteser\u00edn, Doctor Fleming, Ram\u00f3n Calabozo, G\u00f3mez de Salazar, Iglesia Parroquial.<\/p>\n<p>A la llegada a la Parroquia de San Francisco de la Vega, en el atrio, se proceder\u00e1 a la BENDICI\u00d3N DE ANIMALES Y PLANTAS que asistan a la procesi\u00f3n.<br \/>\nLa jornada, concluir\u00e1 a las 20:00 horas con un homenaje y agradecimiento a los sacerdotes y religiosas que han servido en los \u00faltimos a\u00f1os en la Parroquia.<\/p>\n","protected":false},"excerpt":{"rendered":"<p>La Cofrad\u00eda Santo Cristo del Perd\u00f3n, colabora otro a\u00f1o m\u00e1s, con los actos que tiene programados su sede can\u00f3nica, la Parroquia de San Francisco de la Vega, con motivo de la Festividad de SAN FRANCISCO DE AS\u00cdS, patrono de su sede, este S\u00c1BADO 4 DE OCTUBRE. A las 18:30 horas, tendr\u00e1 lugar la Eucarist\u00eda en [&hellip;]<\/p>\n","protected":false},"author":1,"featured_media":5339,"comment_status":"open","ping_status":"open","sticky":false,"template":"","format":"standard","meta":{"footnotes":""},"categories":[28],"tags":[],"class_list":["post-4420","post","type-post","status-publish","format-standard","has-post-thumbnail","hentry","category-historico"],"_links":{"self":[{"href":"https:\/\/pruebas.cursopracticoseo.com\/wordpress_o\/wp-json\/wp\/v2\/posts\/4420","targetHints":{"allow":["GET"]}}],"collection":[{"href":"https:\/\/pruebas.cursopracticoseo.com\/wordpress_o\/wp-json\/wp\/v2\/posts"}],"about":[{"href":"https:\/\/pruebas.cursopracticoseo.com\/wordpress_o\/wp-json\/wp\/v2\/types\/post"}],"author":[{"embeddable":true,"href":"https:\/\/pruebas.cursopracticoseo.com\/wordpress_o\/wp-json\/wp\/v2\/users\/1"}],"replies":[{"embeddable":true,"href":"https:\/\/pruebas.cursopracticoseo.com\/wordpress_o\/wp-json\/wp\/v2\/comments?post=4420"}],"version-history":[{"count":1,"href":"https:\/\/pruebas.cursopracticoseo.com\/wordpress_o\/wp-json\/wp\/v2\/posts\/4420\/revisions"}],"predecessor-version":[{"id":5680,"href":"https:\/\/pruebas.cursopracticoseo.com\/wordpress_o\/wp-json\/wp\/v2\/posts\/4420\/revisions\/5680"}],"wp:featuredmedia":[{"embeddable":true,"href":"https:\/\/pruebas.cursopracticoseo.com\/wordpress_o\/wp-json\/wp\/v2\/media\/5339"}],"wp:attachment":[{"href":"https:\/\/pruebas.cursopracticoseo.com\/wordpress_o\/wp-json\/wp\/v2\/media?parent=4420"}],"wp:term":[{"taxonomy":"category","embeddable":true,"href":"https:\/\/pruebas.cursopracticoseo.com\/wordpress_o\/wp-json\/wp\/v2\/categories?post=4420"},{"taxonomy":"post_tag","embeddable":true,"href":"https:\/\/pruebas.cursopracticoseo.com\/wordpress_o\/wp-json\/wp\/v2\/tags?post=4420"}],"curies":[{"name":"wp","href":"https:\/\/api.w.org\/{rel}","templated":true}]}}