{"id":4417,"date":"2026-01-19T00:00:00","date_gmt":"2026-01-19T00:00:00","guid":{"rendered":"https:\/\/pruebas.cursopracticoseo.com\/wordpress_o\/nuevo-altar-para-veneracion-reliquia-de-san-juan-pablo-ii\/"},"modified":"2026-03-04T14:14:53","modified_gmt":"2026-03-04T14:14:53","slug":"nuevo-altar-para-veneracion-reliquia-de-san-juan-pablo-ii","status":"publish","type":"post","link":"https:\/\/pruebas.cursopracticoseo.com\/wordpress_o\/nuevo-altar-para-veneracion-reliquia-de-san-juan-pablo-ii\/","title":{"rendered":"NUEVO ALTAR PARA VENERACI\u00d3N RELIQUIA DE SAN JUAN PABLO II"},"content":{"rendered":"<p>La Reliquia \u201cex sanguine\u201d de San Juan Pablo II, propiedad de la Cofrad\u00eda Santo Sepulcro-Esperanza de la Vida, ha quedado expuesta al culto en la Parroquia de San Froil\u00e1n, sede can\u00f3nica de la Cofrad\u00eda.<\/p>\n<p>En la ma\u00f1ana de hoy domingo 18 de enero de 2026 ha sido presentada y colocada en su nuevo altar, la Reliquia, de primer grado, de San Juan Pablo II, en una ceremonia oficiada por el Excmo. y Rvdmo. Sr. Obispo de la Di\u00f3cesis, D. Luis \u00c1ngel de las Heras Berzal, CMF, y concelebrada por D. Javier D\u00edez G\u00f3nzalez, P\u00e1rroco de San Froil\u00e1n y Capell\u00e1n de la Cofrad\u00eda, D. Gerardo \u00c1lvarez Fern\u00e1ndez, sacerdote adscrito a la Parroquia y D. Luis Alfredo Garc\u00eda Montero, secretario particular del Sr. Obispo y sacerdote adscrito a la Parroquia.<\/p>\n<p>Al finalizar la misa parroquial, se glos\u00f3 la figura de San Juan Pablo II y se firm\u00f3 el acuerdo de dep\u00f3sito de la Reliquia en el templo. El Maestre de la Cofrad\u00eda, Eduardo Garc\u00eda D\u00edaz, realiz\u00f3 los agradecimientos a las personas e instituciones que han colaborado para llegar a este importante momento en la historia de la Cofrad\u00eda y de la Iglesia en Le\u00f3n.<\/p>\n<p>Palabras respondidas por el P\u00e1rroco de San Froil\u00e1n, D. Javier D\u00edez Gonz\u00e1lez recordando la vinculaci\u00f3n de la Cofrad\u00eda con la Parroquia de San Froil\u00e1n, su sede can\u00f3nica y la implicaci\u00f3n en diferentes actividades parroquiales.<\/p>\n<p>La Reliquia fue ofrecida a la veneraci\u00f3n individual en un relicario cedido temporalmente por la Di\u00f3cesis de Le\u00f3n, procedente de la donaci\u00f3n realizada a la Di\u00f3cesis por las MM. Agustinas Recoletas. Despu\u00e9s se coloc\u00f3 el cuadro con la imagen de San Juan Pablo II, copia de la utilizada el d\u00eda de la canonizaci\u00f3n en Roma, y se instal\u00f3 en su definitivo lugar la Reliquia dentro de un relicario de seguridad.<\/p>\n<p>El Sr. Obispo bendijo e incens\u00f3 el nuevo lugar de culto para todos los fieles y devotos de San Juan Pablo II, felicit\u00f3 a la Cofrad\u00eda y la Parroquia e imparti\u00f3 la bendici\u00f3n solemne.<\/p>\n<p>La Cofrad\u00eda agradece a todas las personas que han participado en la solicitud, concesi\u00f3n, entrega y puesta al culto de esta preciada Reliquia.<\/p>\n","protected":false},"excerpt":{"rendered":"<p>La Reliquia \u201cex sanguine\u201d de San Juan Pablo II, propiedad de la Cofrad\u00eda Santo Sepulcro-Esperanza de la Vida, ha quedado expuesta al culto en la Parroquia de San Froil\u00e1n, sede can\u00f3nica de la Cofrad\u00eda. En la ma\u00f1ana de hoy domingo 18 de enero de 2026 ha sido presentada y colocada en su nuevo altar, la [&hellip;]<\/p>\n","protected":false},"author":1,"featured_media":5342,"comment_status":"open","ping_status":"open","sticky":false,"template":"","format":"standard","meta":{"footnotes":""},"categories":[28],"tags":[],"class_list":["post-4417","post","type-post","status-publish","format-standard","has-post-thumbnail","hentry","category-historico"],"_links":{"self":[{"href":"https:\/\/pruebas.cursopracticoseo.com\/wordpress_o\/wp-json\/wp\/v2\/posts\/4417","targetHints":{"allow":["GET"]}}],"collection":[{"href":"https:\/\/pruebas.cursopracticoseo.com\/wordpress_o\/wp-json\/wp\/v2\/posts"}],"about":[{"href":"https:\/\/pruebas.cursopracticoseo.com\/wordpress_o\/wp-json\/wp\/v2\/types\/post"}],"author":[{"embeddable":true,"href":"https:\/\/pruebas.cursopracticoseo.com\/wordpress_o\/wp-json\/wp\/v2\/users\/1"}],"replies":[{"embeddable":true,"href":"https:\/\/pruebas.cursopracticoseo.com\/wordpress_o\/wp-json\/wp\/v2\/comments?post=4417"}],"version-history":[{"count":1,"href":"https:\/\/pruebas.cursopracticoseo.com\/wordpress_o\/wp-json\/wp\/v2\/posts\/4417\/revisions"}],"predecessor-version":[{"id":5677,"href":"https:\/\/pruebas.cursopracticoseo.com\/wordpress_o\/wp-json\/wp\/v2\/posts\/4417\/revisions\/5677"}],"wp:featuredmedia":[{"embeddable":true,"href":"https:\/\/pruebas.cursopracticoseo.com\/wordpress_o\/wp-json\/wp\/v2\/media\/5342"}],"wp:attachment":[{"href":"https:\/\/pruebas.cursopracticoseo.com\/wordpress_o\/wp-json\/wp\/v2\/media?parent=4417"}],"wp:term":[{"taxonomy":"category","embeddable":true,"href":"https:\/\/pruebas.cursopracticoseo.com\/wordpress_o\/wp-json\/wp\/v2\/categories?post=4417"},{"taxonomy":"post_tag","embeddable":true,"href":"https:\/\/pruebas.cursopracticoseo.com\/wordpress_o\/wp-json\/wp\/v2\/tags?post=4417"}],"curies":[{"name":"wp","href":"https:\/\/api.w.org\/{rel}","templated":true}]}}