{"id":4416,"date":"2026-01-22T00:00:00","date_gmt":"2026-01-22T00:00:00","guid":{"rendered":"https:\/\/pruebas.cursopracticoseo.com\/wordpress_o\/la-cofradia-santo-cristo-del-perdon-celebra-la-festividad-de-nuestra-senora-de-la-paz-el-proximo-sabado-24-de-enero\/"},"modified":"2026-03-04T14:11:53","modified_gmt":"2026-03-04T14:11:53","slug":"la-cofradia-santo-cristo-del-perdon-celebra-la-festividad-de-nuestra-senora-de-la-paz-el-proximo-sabado-24-de-enero","status":"publish","type":"post","link":"https:\/\/pruebas.cursopracticoseo.com\/wordpress_o\/la-cofradia-santo-cristo-del-perdon-celebra-la-festividad-de-nuestra-senora-de-la-paz-el-proximo-sabado-24-de-enero\/","title":{"rendered":"LA COFRAD\u00cdA SANTO CRISTO DEL PERD\u00d3N CELEBRA LA FESTIVIDAD DE NUESTRA SE\u00d1ORA DE LA PAZ EL PR\u00d3XIMO S\u00c1BADO 24 DE ENERO"},"content":{"rendered":"<p>La Cofrad\u00eda Santo Cristo del Perd\u00f3n, conmemorar\u00e1 el pr\u00f3ximo s\u00e1bado, 24 de enero, la Festividad de Nuestra Se\u00f1ora de la Paz con un acto solemne en honor a su sagrada imagen, la Madre de la Paz, en su sede can\u00f3nica, la Iglesia Parroquial de San Francisco de la Vega.<\/p>\n<p>La jornada dar\u00e1 comienzo a las 18:30 h con un besamanos a la Virgen, que se prolongar\u00e1 hasta el inicio de la Eucarist\u00eda, prevista para las 19:30 h. En la celebraci\u00f3n intervendr\u00e1 el Orfe\u00f3n Leon\u00e9s, que acompa\u00f1ar\u00e1 la liturgia con un repertorio especialmente preparado para la ocasi\u00f3n.<\/p>\n<p>Al t\u00e9rmino de la Eucarist\u00eda, tendr\u00e1 lugar una breve jornada literaria, en la que intervendr\u00e1n Juan Bautista D\u00edez, as\u00ed como los hermanos Jos\u00e9 Carlos Ropero Prieto y Raquel \u00c1lvarez Fern\u00e1ndez. El acto contar\u00e1 tambi\u00e9n con la participaci\u00f3n de la Banda de M\u00fasica de la Cofrad\u00eda. El broche musical a esta celebraci\u00f3n lo pondr\u00e1 el Orfe\u00f3n Leon\u00e9s con la interpretaci\u00f3n del Himno de la Cofrad\u00eda.<\/p>\n<p>Desde la Junta de Seises, se invita a todos los hermanos, devotos y vecinos a participar en este entra\u00f1able encuentro, compartiendo juntos la devoci\u00f3n y la alegr\u00eda de honrar a Nuestra Se\u00f1ora de la Paz.<\/p>\n","protected":false},"excerpt":{"rendered":"<p>La Cofrad\u00eda Santo Cristo del Perd\u00f3n, conmemorar\u00e1 el pr\u00f3ximo s\u00e1bado, 24 de enero, la Festividad de Nuestra Se\u00f1ora de la Paz con un acto solemne en honor a su sagrada imagen, la Madre de la Paz, en su sede can\u00f3nica, la Iglesia Parroquial de San Francisco de la Vega. La jornada dar\u00e1 comienzo a las [&hellip;]<\/p>\n","protected":false},"author":1,"featured_media":5343,"comment_status":"open","ping_status":"open","sticky":false,"template":"","format":"standard","meta":{"footnotes":""},"categories":[28],"tags":[],"class_list":["post-4416","post","type-post","status-publish","format-standard","has-post-thumbnail","hentry","category-historico"],"_links":{"self":[{"href":"https:\/\/pruebas.cursopracticoseo.com\/wordpress_o\/wp-json\/wp\/v2\/posts\/4416","targetHints":{"allow":["GET"]}}],"collection":[{"href":"https:\/\/pruebas.cursopracticoseo.com\/wordpress_o\/wp-json\/wp\/v2\/posts"}],"about":[{"href":"https:\/\/pruebas.cursopracticoseo.com\/wordpress_o\/wp-json\/wp\/v2\/types\/post"}],"author":[{"embeddable":true,"href":"https:\/\/pruebas.cursopracticoseo.com\/wordpress_o\/wp-json\/wp\/v2\/users\/1"}],"replies":[{"embeddable":true,"href":"https:\/\/pruebas.cursopracticoseo.com\/wordpress_o\/wp-json\/wp\/v2\/comments?post=4416"}],"version-history":[{"count":1,"href":"https:\/\/pruebas.cursopracticoseo.com\/wordpress_o\/wp-json\/wp\/v2\/posts\/4416\/revisions"}],"predecessor-version":[{"id":5583,"href":"https:\/\/pruebas.cursopracticoseo.com\/wordpress_o\/wp-json\/wp\/v2\/posts\/4416\/revisions\/5583"}],"wp:featuredmedia":[{"embeddable":true,"href":"https:\/\/pruebas.cursopracticoseo.com\/wordpress_o\/wp-json\/wp\/v2\/media\/5343"}],"wp:attachment":[{"href":"https:\/\/pruebas.cursopracticoseo.com\/wordpress_o\/wp-json\/wp\/v2\/media?parent=4416"}],"wp:term":[{"taxonomy":"category","embeddable":true,"href":"https:\/\/pruebas.cursopracticoseo.com\/wordpress_o\/wp-json\/wp\/v2\/categories?post=4416"},{"taxonomy":"post_tag","embeddable":true,"href":"https:\/\/pruebas.cursopracticoseo.com\/wordpress_o\/wp-json\/wp\/v2\/tags?post=4416"}],"curies":[{"name":"wp","href":"https:\/\/api.w.org\/{rel}","templated":true}]}}